{"id":20422,"date":"2025-04-12T19:35:13","date_gmt":"2025-04-12T19:35:13","guid":{"rendered":"https:\/\/www.europesays.com\/fr\/20422\/"},"modified":"2025-04-12T19:35:13","modified_gmt":"2025-04-12T19:35:13","slug":"etats-unis-les-freres-menendez-dans-lattente-dune-nouvelle-audience-sur-leur-possible-remise-en-liberte-linfo-re","status":"publish","type":"post","link":"https:\/\/www.europesays.com\/fr\/20422\/","title":{"rendered":"\u00c9tats-Unis : les fr\u00e8res Menendez dans l\u2019attente d\u2019une nouvelle audience sur leur possible remise en libert\u00e9 &#8211; LINFO.re"},"content":{"rendered":"<p>Condamn\u00e9s \u00e0 la perp\u00e9tuit\u00e9 pour l\u2019assassinat de leurs parents, Erik et Lyle Menendez attendent d\u00e9sormais la d\u00e9cision d\u2019un juge lors d\u2019une nouvelle audience.<\/p>\n<p>\t\t\t\t\t\t<strong>Les fr\u00e8res Menendez face \u00e0 la justice<\/strong><\/p>\n<p style=\"text-align: justify;\">En 1989, les deux fr\u00e8res, alors \u00e2g\u00e9s de 18 et 21 ans, ont abattu leurs parents dans leur maison de Beverly Hills. Leur proc\u00e8s, largement m\u00e9diatis\u00e9 \u00e0 l\u2019\u00e9poque, avait passionn\u00e9 les <a href=\"https:\/\/www.linfo.re\/tags\/etats-unis\" target=\"_blank\" rel=\"noopener\"><strong>\u00c9tats-Unis<\/strong><\/a> bien avant celui d\u2019O.J. Simpson. Condamn\u00e9s \u00e0 la prison \u00e0 vie sans possibilit\u00e9 de lib\u00e9ration anticip\u00e9e, ils affirment depuis avoir agi sous la menace et les abus r\u00e9p\u00e9t\u00e9s de leur p\u00e8re.<\/p>\n<p><strong>Un nouveau regard \u00e0 l\u2019\u00e8re post-#MeToo<\/strong><\/p>\n<p style=\"text-align: justify;\">Les <a href=\"https:\/\/www.linfo.re\/monde\/amerique\/etats-unis-lyle-et-erik-menendez-condamnes-a-la-perpetuite-en-pleine-campagne-pour-leur-liberation\" target=\"_blank\" rel=\"noopener\"><strong>fr\u00e8res Menendez<\/strong><\/a> ont constamment affirm\u00e9 avoir agi en \u00e9tat de l\u00e9gitime d\u00e9fense, en raison des abus sexuels qu\u2019ils disent avoir subis pendant des ann\u00e9es. \u00c0 l\u2019\u00e9poque, leurs accusations avaient \u00e9t\u00e9 minimis\u00e9es. Aujourd\u2019hui, dans un contexte post-#MeToo, la perception des violences intrafamiliales a chang\u00e9. Le sujet a r\u00e9cemment \u00e9t\u00e9 relanc\u00e9 par la s\u00e9rie Netflix \u2019Monstres\u202f\u2019\u00a0et un documentaire sur leur affaire. Des personnalit\u00e9s publiques, comme Kim Kardashian, appellent d\u00e9sormais \u00e0 leur lib\u00e9ration.<\/p>\n<p><strong>Un procureur oppos\u00e9 \u00e0 leur lib\u00e9ration<\/strong><\/p>\n<p style=\"text-align: justify;\">Le nouveau procureur de Los Angeles, Nathan Hochman, s\u2019est clairement oppos\u00e9 \u00e0 tout all\u00e8gement de peine. Il estime que les deux fr\u00e8res n\u2019ont pas assum\u00e9 la totalit\u00e9 de leurs actes. Selon lui, ils ont menti \u00e0 plusieurs reprises et continuent d\u2019\u00e9viter toute responsabilit\u00e9 directe. Il demande l\u2019abandon d\u2019une pr\u00e9c\u00e9dente motion favorable \u00e0 leur <a href=\"https:\/\/www.linfo.re\/monde\/amerique\/etats-unis-vers-une-possible-liberation-conditionnelle-de-deux-freres-qui-avaient-tue-leurs-parents\" target=\"_blank\" rel=\"noopener\">lib\u00e9ration conditionnelle<\/a>.<\/p>\n<p><strong>Trois d\u00e9marches pour esp\u00e9rer une issue favorable<\/strong><\/p>\n<p style=\"text-align: justify;\">Les avocats des fr\u00e8res m\u00e8nent trois actions parall\u00e8les\u202f\u00a0: obtenir une r\u00e9duction de peine, exiger un nouveau proc\u00e8s et solliciter la cl\u00e9mence du gouverneur de Californie. Ce dernier, Gavin Newsom, attend un rapport sur leur comportement en d\u00e9tention pour trancher. Il affirme ne pas vouloir se laisser influencer par les productions audiovisuelles consacr\u00e9es \u00e0 cette affaire.<\/p>\n<p style=\"text-align: justify;\">Source\u00a0: Lefigaro.fr<\/p>\n<p style=\"text-align: justify;\">&gt; Toute l\u2019<a href=\"https:\/\/www.linfo.re\/monde\" target=\"_blank\" rel=\"noopener\"><strong>actualit\u00e9 internationale sur LINFO.re<\/strong><\/a><\/p>\n","protected":false},"excerpt":{"rendered":"Condamn\u00e9s \u00e0 la perp\u00e9tuit\u00e9 pour l\u2019assassinat de leurs parents, Erik et Lyle Menendez attendent d\u00e9sormais la d\u00e9cision d\u2019un&hellip;\n","protected":false},"author":2,"featured_media":20423,"comment_status":"","ping_status":"","sticky":false,"template":"","format":"standard","meta":{"footnotes":""},"categories":[1589],"tags":[47,11,4707,73,1866,1922,74,12,1864,1865,1863,308],"class_list":{"0":"post-20422","1":"post","2":"type-post","3":"status-publish","4":"format-standard","5":"has-post-thumbnail","7":"category-etats-unis","8":"tag-actualite","9":"tag-actualites","10":"tag-amerique","11":"tag-etats-unis","12":"tag-etats-unis-damerique","13":"tag-info","14":"tag-monde","15":"tag-news","16":"tag-united-states","17":"tag-united-states-of-america","18":"tag-us","19":"tag-usa"},"share_on_mastodon":{"url":"https:\/\/pubeurope.com\/@fr\/114326675365180449","error":""},"_links":{"self":[{"href":"https:\/\/www.europesays.com\/fr\/wp-json\/wp\/v2\/posts\/20422","targetHints":{"allow":["GET"]}}],"collection":[{"href":"https:\/\/www.europesays.com\/fr\/wp-json\/wp\/v2\/posts"}],"about":[{"href":"https:\/\/www.europesays.com\/fr\/wp-json\/wp\/v2\/types\/post"}],"author":[{"embeddable":true,"href":"https:\/\/www.europesays.com\/fr\/wp-json\/wp\/v2\/users\/2"}],"replies":[{"embeddable":true,"href":"https:\/\/www.europesays.com\/fr\/wp-json\/wp\/v2\/comments?post=20422"}],"version-history":[{"count":0,"href":"https:\/\/www.europesays.com\/fr\/wp-json\/wp\/v2\/posts\/20422\/revisions"}],"wp:featuredmedia":[{"embeddable":true,"href":"https:\/\/www.europesays.com\/fr\/wp-json\/wp\/v2\/media\/20423"}],"wp:attachment":[{"href":"https:\/\/www.europesays.com\/fr\/wp-json\/wp\/v2\/media?parent=20422"}],"wp:term":[{"taxonomy":"category","embeddable":true,"href":"https:\/\/www.europesays.com\/fr\/wp-json\/wp\/v2\/categories?post=20422"},{"taxonomy":"post_tag","embeddable":true,"href":"https:\/\/www.europesays.com\/fr\/wp-json\/wp\/v2\/tags?post=20422"}],"curies":[{"name":"wp","href":"https:\/\/api.w.org\/{rel}","templated":true}]}}