{"id":204222,"date":"2025-06-25T21:51:02","date_gmt":"2025-06-25T21:51:02","guid":{"rendered":"https:\/\/www.europesays.com\/fr\/204222\/"},"modified":"2025-06-25T21:51:02","modified_gmt":"2025-06-25T21:51:02","slug":"apres-une-interruption-de-trafic-sncf-entre-nantes-et-angers-la-circulation-reprend","status":"publish","type":"post","link":"https:\/\/www.europesays.com\/fr\/204222\/","title":{"rendered":"Apr\u00e8s une interruption de trafic SNCF entre Nantes et Angers, la circulation reprend"},"content":{"rendered":"<p><strong>\u00ab\u00a0Les circulations ont \u00e9t\u00e9 interrompues entre Nantes et Angers ce mardi apr\u00e8s-midi en raison d\u2019un d\u00e9rangement des installations de signalisation \u00e0 Nantes Blottereau\u00a0\u00bb,<\/strong> fait savoir la SNCF. Plusieurs trains au d\u00e9part ou destination de Nantes ont \u00e9t\u00e9 d\u00e9tourn\u00e9s par Rennes. <strong>\u00ab\u00a0Les agents ont identifi\u00e9 la cause ont pu r\u00e9parer. L\u2019incident est termin\u00e9, <\/strong>assure SNCF R\u00e9seau, le gestionnaire des voies ferr\u00e9es.<strong> Les circulations reprennent progressivement.\u00a0\u00bb<\/strong><\/p>\n<p>Un coup de chaud perturbe Nantes-Le Croisic et Nantes-Redon. Le r\u00e9seau ferr\u00e9 souffre par ailleurs des fortes chaleurs. Les lignes reliant Nantes au Croisic et Nantes \u00e0 Redon sont perturb\u00e9es en raison <strong>\u00ab\u00a0d\u2019un d\u00e9rangement d\u2019installation \u00e9lectrique dans la commune de Cou\u00ebron\u00a0\u00bb,<\/strong> \u00e0 l\u2019ouest de Nantes, signale SNCF R\u00e9seau.<\/p>\n<p>\u00a0<\/p>\n","protected":false},"excerpt":{"rendered":"\u00ab\u00a0Les circulations ont \u00e9t\u00e9 interrompues entre Nantes et Angers ce mardi apr\u00e8s-midi en raison d\u2019un d\u00e9rangement des installations&hellip;\n","protected":false},"author":2,"featured_media":204223,"comment_status":"","ping_status":"","sticky":false,"template":"","format":"standard","meta":{"footnotes":""},"categories":[2818],"tags":[1111,11,1438,3542,1777,674,1011,27,33953,766,12,2636,34307,3086,18048,25,2215,1097],"class_list":{"0":"post-204222","1":"post","2":"type-post","3":"status-publish","4":"format-standard","5":"has-post-thumbnail","7":"category-nantes","8":"tag-actu","9":"tag-actualites","10":"tag-angers","11":"tag-circulation","12":"tag-eu","13":"tag-europe","14":"tag-fr","15":"tag-france","16":"tag-interruption","17":"tag-nantes","18":"tag-news","19":"tag-pays-de-la-loire","20":"tag-progressivement","21":"tag-redon","22":"tag-reprend","23":"tag-republique-francaise","24":"tag-sncf","25":"tag-trafic"},"share_on_mastodon":{"url":"https:\/\/pubeurope.com\/@fr\/114746221150700625","error":""},"_links":{"self":[{"href":"https:\/\/www.europesays.com\/fr\/wp-json\/wp\/v2\/posts\/204222","targetHints":{"allow":["GET"]}}],"collection":[{"href":"https:\/\/www.europesays.com\/fr\/wp-json\/wp\/v2\/posts"}],"about":[{"href":"https:\/\/www.europesays.com\/fr\/wp-json\/wp\/v2\/types\/post"}],"author":[{"embeddable":true,"href":"https:\/\/www.europesays.com\/fr\/wp-json\/wp\/v2\/users\/2"}],"replies":[{"embeddable":true,"href":"https:\/\/www.europesays.com\/fr\/wp-json\/wp\/v2\/comments?post=204222"}],"version-history":[{"count":0,"href":"https:\/\/www.europesays.com\/fr\/wp-json\/wp\/v2\/posts\/204222\/revisions"}],"wp:featuredmedia":[{"embeddable":true,"href":"https:\/\/www.europesays.com\/fr\/wp-json\/wp\/v2\/media\/204223"}],"wp:attachment":[{"href":"https:\/\/www.europesays.com\/fr\/wp-json\/wp\/v2\/media?parent=204222"}],"wp:term":[{"taxonomy":"category","embeddable":true,"href":"https:\/\/www.europesays.com\/fr\/wp-json\/wp\/v2\/categories?post=204222"},{"taxonomy":"post_tag","embeddable":true,"href":"https:\/\/www.europesays.com\/fr\/wp-json\/wp\/v2\/tags?post=204222"}],"curies":[{"name":"wp","href":"https:\/\/api.w.org\/{rel}","templated":true}]}}