{"id":204231,"date":"2025-06-25T21:56:16","date_gmt":"2025-06-25T21:56:16","guid":{"rendered":"https:\/\/www.europesays.com\/fr\/204231\/"},"modified":"2025-06-25T21:56:16","modified_gmt":"2025-06-25T21:56:16","slug":"maisons-fissurees-plancher-effondre-logements-evacues-a-toulouse-le-chantier-du-metro-ne-va-pas-bon-train","status":"publish","type":"post","link":"https:\/\/www.europesays.com\/fr\/204231\/","title":{"rendered":"Maisons fissur\u00e9es, plancher effondr\u00e9, logements \u00e9vacu\u00e9s\u2026 \u00c0 Toulouse, le chantier du m\u00e9tro ne va pas bon train"},"content":{"rendered":"<ul class=\"jsx-862013697 ArticleChapo__List\">\n<li class=\"jsx-862013697 ArticleChapo__List_Item flex\">Sous terre, \u00e0 une dizaine de m\u00e8tres de profondeur, un tunnelier creuse actuellement le passage du futur m\u00e9tro toulousain.<\/li>\n<li class=\"jsx-862013697 ArticleChapo__List_Item flex\">\u00c0 la surface, une dizaine de logements ont \u00e9t\u00e9 \u00e9vacu\u00e9s apr\u00e8s l\u2019effondrement d\u2019un plancher.<\/li>\n<li class=\"jsx-862013697 ArticleChapo__List_Item flex\">Les habitants du quartier Bonnefoy s\u2019inqui\u00e8tent de possibles nouveaux d\u00e9g\u00e2ts.<\/li>\n<\/ul>\n<p><a href=\"https:\/\/www.tf1info.fr\/emissions\/tf1\/le-13h-10927\/\" rel=\"noopener\" class=\"jsx-484472199 Link jsx-1428418400 jsx-640816507\" target=\"_blank\"><\/p>\n<p style=\"font-weight:400\" class=\"jsx-1837267516\">Suivez la couverture compl\u00e8te<\/p>\n<p style=\"font-weight:800\" class=\"jsx-1837267516\">Le 13H<\/p>\n<p><\/a><\/p>\n<p data-module=\"article-paragraph\" class=\"jsx-3046738180 Paragraph Paragraph__End\">Ironiquement, Paul venait \u00e0 peine d\u2019acheter son nouvel appartement \u00e0 Toulouse (Haute-Garonne). Mais le vendredi 20 juin, jour o\u00f9 il devait emm\u00e9nager, l\u2019effondrement du rez-de-chauss\u00e9e d\u2019une maison de sa rue a provoqu\u00e9 l\u2019\u00e9vacuation des dix habitations les plus proches, dont la sienne, mitoyenne. Ce lundi 22 juin, il est donc pass\u00e9 chercher des affaires dans un logement qu\u2019il n\u2019a jamais occup\u00e9. \u00ab\u00a0J\u2019ai pass\u00e9 tout le week-end en claquettes, grimace-t-il au micro de TF1, dans le reportage du JT de 13H visible en t\u00eate de cet article. C\u2019est tr\u00e8s compliqu\u00e9. \u00c7a va durer au moins plusieurs semaines. Mais on est encore vivant, c\u2019est le plus important.\u00a0\u00bb En cause : les travaux en cours, 12 m\u00e8tres sous terre, li\u00e9s \u00e0 la future ligne de m\u00e9tro.<\/p>\n<p><img decoding=\"async\" src=\"https:\/\/www.europesays.com\/fr\/wp-content\/uploads\/2025\/06\/capture-jt-metro-toulouse-degats-3-b9e41a-0@1x.jpeg\" alt=\"Chez l'octog\u00e9naire dont le plancher s'est effondr\u00e9, avant les r\u00e9parations r\u00e9alis\u00e9es par Tiss\u00e9o ce week-end. - Capture d'\u00e9cran TF1\" loading=\"lazy\" importance=\"low\" fetchpriority=\"low\" class=\"\" data-module=\"article-image\"\/>Chez l&rsquo;octog\u00e9naire dont le plancher s&rsquo;est effondr\u00e9, avant les r\u00e9parations r\u00e9alis\u00e9es par Tiss\u00e9o ce week-end. &#8211; Capture d&rsquo;\u00e9cran TF1<\/p>\n<p data-module=\"article-paragraph\" class=\"jsx-3046738180 Paragraph Paragraph__End\">D\u00e8s le mois d\u2019avril, plusieurs riverains ont constat\u00e9 <a href=\"https:\/\/www.tf1info.fr\/justice-faits-divers\/video-reportage-de-grosses-fissures-aux-andelys-dans-l-eure-en-normandie-une-route-s-affaisse-et-menace-de-s-effondrer-sur-une-maison-2358776.html\" target=\"_blank\" rel=\"noopener\">l\u2019apparition de fissures<\/a> sur les murs de leur domicile. Parmi eux, l\u2019octog\u00e9naire dont le plancher a fini par s\u2019effondrer pendant qu\u2019elle se trouvait, par chance, dans une autre pi\u00e8ce. Et puis, le 1\u1d49\u02b3 juin, c\u2019est un trou b\u00e9ant de 5 m\u00e8tres de circonf\u00e9rence et autant de profondeur qui s\u2019est soudainement creus\u00e9 au beau milieu du jardin de Michel Pomme. Il a, certes, \u00e9t\u00e9 rebouch\u00e9 depuis, mais l\u2019incident du vendredi 20 juin est venu renforcer l\u2019inqui\u00e9tude qui commen\u00e7ait \u00e0 poindre dans le quartier, les fissures s\u2019\u00e9tendant \u00e0 une centaine de m\u00e8tres \u00e0 la ronde\u2026 Sachant que la ligne de m\u00e9tro doit, elle, \u00eatre creus\u00e9e sur 22 kilom\u00e8tres de longueur. Et qu\u2019\u00e0 ce jour, cinq seulement ont \u00e9t\u00e9 creus\u00e9s.<\/p>\n<p><img decoding=\"async\" src=\"https:\/\/www.europesays.com\/fr\/wp-content\/uploads\/2025\/06\/capture-jt-metro-toulouse-degats-2-5ac697-0@1x.jpeg\" alt=\"Capture d'\u00e9cran TF1\" loading=\"lazy\" importance=\"low\" fetchpriority=\"low\" class=\"\" data-module=\"article-image\"\/>Capture d&rsquo;\u00e9cran TF1<\/p>\n<p data-module=\"article-paragraph\" class=\"jsx-3046738180 Paragraph Paragraph__End\">Tiss\u00e9o, le r\u00e9seau de transports en commun toulousain, en charge des travaux, ne cherche pas \u00e0 fuir ses responsabilit\u00e9s. Au contraire. \u00ab\u00a0On avait d\u00e9cel\u00e9 la semaine derni\u00e8re un petit mouvement au niveau de nos capteurs. On s&rsquo;appr\u00eatait \u00e0 mettre en place un plan d&rsquo;investigation compl\u00e9mentaire, celui qu&rsquo;on fait aujourd&rsquo;hui. Malheureusement, on a eu l&rsquo;incident avant\u2026 Je pense qu\u2019on a \u00e9t\u00e9 r\u00e9actifs. En revanche, \u00e7a nous montre clairement qu\u2019il faut qu\u2019on augmente encore notre niveau de surveillance et de qualit\u00e9\u00a0\u00bb, reconna\u00eet Jean-Jacques Laporte, chef de projet de cette ligne de m\u00e9tro chez Tiss\u00e9o Ing\u00e9nierie.<\/p>\n<p><a href=\"https:\/\/www.tf1info.fr\/societe\/video-c-est-tres-inquietant-une-nouvelle-maison-s-effondre-a-toulouse-a-la-suite-des-travaux-souterrains-du-metro-2378336.html\" rel=\"noopener\" class=\"jsx-3308031228 Link flex\" target=\"_blank\"><img decoding=\"async\" src=\"https:\/\/www.europesays.com\/fr\/wp-content\/uploads\/2025\/06\/maison-effondree-a-toulouse-21-juin-2025-314a3a-0@1x.jpeg\" alt=\"TF1\" loading=\"lazy\" importance=\"low\" fetchpriority=\"low\" class=\"\"\/><\/p>\n<p class=\"jsx-3657663356 ReadMoreArticle__Title\">Lire aussi<\/p>\n<p class=\"jsx-3657663356\">\u00ab\u00a0C&rsquo;est tr\u00e8s inqui\u00e9tant\u00a0\u00bb : une nouvelle maison s&rsquo;effondre \u00e0 Toulouse, \u00e0 la suite des travaux souterrains du m\u00e9tro<\/p>\n<p><\/a><\/p>\n<p data-module=\"article-paragraph\" class=\"jsx-3046738180 Paragraph Paragraph__End\">Outre des habitants pr\u00e9occup\u00e9s par leurs logements, il y a aussi les parents d\u2019\u00e9l\u00e8ves scolaris\u00e9s \u00e0 50 m\u00e8tres de la rue boucl\u00e9e, qui ont maintenant peur pour leurs enfants. \u00ab\u00a0Si tout le sol bouge, vu que c\u2019est coll\u00e9, la classe pourrait s\u2019effondrer, ce serait vraiment dramatique\u00a0\u00bb, confie le papa du petit L\u00e9o. \u00ab\u00a0Les maisons qui sont tomb\u00e9es, c\u2019est juste l\u00e0, montre une m\u00e8re de famille \u00e0 notre cam\u00e9ra. On est tr\u00e8s proche. C\u2019est un vieux b\u00e2timent. Donc on s\u2019est vraiment pos\u00e9 la question, avec plusieurs parents, de d\u00e9cider si on mettait ou non nos enfants \u00e0 l\u2019\u00e9cole. On nous a expliqu\u00e9 qu&rsquo;il y avait des capteurs pos\u00e9s depuis plusieurs mois sur l&rsquo;\u00e9cole. Ceci dit, il y avait aussi des capteurs sur les maisons qui sont aujourd&rsquo;hui effondr\u00e9es\u2026\u00a0\u00bb De son c\u00f4t\u00e9, l\u2019octog\u00e9naire, propri\u00e9taire de la b\u00e2tisse la plus affect\u00e9e, elle-m\u00eame bard\u00e9e de capteurs depuis avril, envisage une action en justice.<\/p>\n<p>Hamza HIZZIR | Reportage TF1 : Ama\u00eblle BRIGNOLI, Fran\u00e7ois GUINLE, B\u00e9r\u00e9nice DEL TATTO<\/p>\n","protected":false},"excerpt":{"rendered":"Sous terre, \u00e0 une dizaine de m\u00e8tres de profondeur, un tunnelier creuse actuellement le passage du futur m\u00e9tro&hellip;\n","protected":false},"author":2,"featured_media":204232,"comment_status":"","ping_status":"","sticky":false,"template":"","format":"standard","meta":{"footnotes":""},"categories":[2816],"tags":[1111,11,1921,1777,674,1011,27,1922,5008,12,2680,1306,25,2312,926,2086,8473,133,14529,34308],"class_list":{"0":"post-204231","1":"post","2":"type-post","3":"status-publish","4":"format-standard","5":"has-post-thumbnail","7":"category-toulouse","8":"tag-actu","9":"tag-actualites","10":"tag-article-video","11":"tag-eu","12":"tag-europe","13":"tag-fr","14":"tag-france","15":"tag-info","16":"tag-le-13h","17":"tag-news","18":"tag-occitanie","19":"tag-regions","20":"tag-republique-francaise","21":"tag-toulouse","22":"tag-train","23":"tag-travaux","24":"tag-urbanisme-et-amenagement-du-territoire","25":"tag-video","26":"tag-video-regions","27":"tag-vie-en-regions"},"share_on_mastodon":{"url":"https:\/\/pubeurope.com\/@fr\/114746240915037567","error":""},"_links":{"self":[{"href":"https:\/\/www.europesays.com\/fr\/wp-json\/wp\/v2\/posts\/204231","targetHints":{"allow":["GET"]}}],"collection":[{"href":"https:\/\/www.europesays.com\/fr\/wp-json\/wp\/v2\/posts"}],"about":[{"href":"https:\/\/www.europesays.com\/fr\/wp-json\/wp\/v2\/types\/post"}],"author":[{"embeddable":true,"href":"https:\/\/www.europesays.com\/fr\/wp-json\/wp\/v2\/users\/2"}],"replies":[{"embeddable":true,"href":"https:\/\/www.europesays.com\/fr\/wp-json\/wp\/v2\/comments?post=204231"}],"version-history":[{"count":0,"href":"https:\/\/www.europesays.com\/fr\/wp-json\/wp\/v2\/posts\/204231\/revisions"}],"wp:featuredmedia":[{"embeddable":true,"href":"https:\/\/www.europesays.com\/fr\/wp-json\/wp\/v2\/media\/204232"}],"wp:attachment":[{"href":"https:\/\/www.europesays.com\/fr\/wp-json\/wp\/v2\/media?parent=204231"}],"wp:term":[{"taxonomy":"category","embeddable":true,"href":"https:\/\/www.europesays.com\/fr\/wp-json\/wp\/v2\/categories?post=204231"},{"taxonomy":"post_tag","embeddable":true,"href":"https:\/\/www.europesays.com\/fr\/wp-json\/wp\/v2\/tags?post=204231"}],"curies":[{"name":"wp","href":"https:\/\/api.w.org\/{rel}","templated":true}]}}