{"id":204233,"date":"2025-06-25T21:57:15","date_gmt":"2025-06-25T21:57:15","guid":{"rendered":"https:\/\/www.europesays.com\/fr\/204233\/"},"modified":"2025-06-25T21:57:15","modified_gmt":"2025-06-25T21:57:15","slug":"toto-cest-fini-le-magasin-de-tissu-de-lille-a-baisse-le-rideau-25-06-2025","status":"publish","type":"post","link":"https:\/\/www.europesays.com\/fr\/204233\/","title":{"rendered":"Toto, c&rsquo;est fini : le magasin de tissu de Lille a baiss\u00e9 le rideau &#8211; 25\/06\/2025"},"content":{"rendered":"<p>Il y a eu une premi\u00e8re annonce de fermeture en juin 2024, puis un retournement de situation quelques mois plus tard. Mais cette fois-ci, c&rsquo;est d\u00e9finitif. Le magasin de tissu Toto de Lille a ferm\u00e9 ses portes ce mardi 24 juin.<\/p>\n<p>C&rsquo;est par le rideau ferm\u00e9 et un message sur la vitrine du magasin, qu&rsquo;on apprend la nouvelle. \u00ab\u00a0C&rsquo;est avec tristesse que nous vous informons que notre boutique, que dis-je, notre institution lilloise ferme ses portes ce mardi 24 juin.\u00a0\u00bb <\/p>\n<p>Une nouvelle \u00e0 moiti\u00e9 \u00e9tonnante. Le magasin de la rue Pierre-Mauroy avait d\u00e9j\u00e0 annonc\u00e9 baisser le rideau un an plus t\u00f4t en juin 2024. \u00c0 ce moment-l\u00e0, on apprenait que Toto \u00e9tait rachet\u00e9 par Maison Descamps, qui propose du linge de lit et de bain. Mais le groupe s&rsquo;est d\u00e9sist\u00e9 au dernier moment, emp\u00eachant la fermeture, nous apprenait alors Alain Cherki, le responsable du r\u00e9seau Toto.\u00a0<\/p>\n<p>  Une fermeture encore floue<\/p>\n<p>Pourquoi le magasin a-t-il ferm\u00e9 ce mardi 24 juin ? \u00ab\u00a0Je ne peux pas vous r\u00e9pondre pour l&rsquo;instant\u00a0\u00bb, d\u00e9clare Alain Cherki, qui avait soulign\u00e9 l&rsquo;ann\u00e9e derni\u00e8re, l&rsquo;augmentation des prix de l&rsquo;\u00e9lectricit\u00e9 et du loyer. On vous tient au courant quand on en sait plus.\u00a0<\/p>\n","protected":false},"excerpt":{"rendered":"Il y a eu une premi\u00e8re annonce de fermeture en juin 2024, puis un retournement de situation quelques&hellip;\n","protected":false},"author":2,"featured_media":204234,"comment_status":"","ping_status":"","sticky":false,"template":"","format":"standard","meta":{"footnotes":""},"categories":[2815],"tags":[1111,11,1777,674,1011,27,811,1307,12,25],"class_list":{"0":"post-204233","1":"post","2":"type-post","3":"status-publish","4":"format-standard","5":"has-post-thumbnail","7":"category-lille","8":"tag-actu","9":"tag-actualites","10":"tag-eu","11":"tag-europe","12":"tag-fr","13":"tag-france","14":"tag-hauts-de-france","15":"tag-lille","16":"tag-news","17":"tag-republique-francaise"},"share_on_mastodon":{"url":"https:\/\/pubeurope.com\/@fr\/114746244754613253","error":""},"_links":{"self":[{"href":"https:\/\/www.europesays.com\/fr\/wp-json\/wp\/v2\/posts\/204233","targetHints":{"allow":["GET"]}}],"collection":[{"href":"https:\/\/www.europesays.com\/fr\/wp-json\/wp\/v2\/posts"}],"about":[{"href":"https:\/\/www.europesays.com\/fr\/wp-json\/wp\/v2\/types\/post"}],"author":[{"embeddable":true,"href":"https:\/\/www.europesays.com\/fr\/wp-json\/wp\/v2\/users\/2"}],"replies":[{"embeddable":true,"href":"https:\/\/www.europesays.com\/fr\/wp-json\/wp\/v2\/comments?post=204233"}],"version-history":[{"count":0,"href":"https:\/\/www.europesays.com\/fr\/wp-json\/wp\/v2\/posts\/204233\/revisions"}],"wp:featuredmedia":[{"embeddable":true,"href":"https:\/\/www.europesays.com\/fr\/wp-json\/wp\/v2\/media\/204234"}],"wp:attachment":[{"href":"https:\/\/www.europesays.com\/fr\/wp-json\/wp\/v2\/media?parent=204233"}],"wp:term":[{"taxonomy":"category","embeddable":true,"href":"https:\/\/www.europesays.com\/fr\/wp-json\/wp\/v2\/categories?post=204233"},{"taxonomy":"post_tag","embeddable":true,"href":"https:\/\/www.europesays.com\/fr\/wp-json\/wp\/v2\/tags?post=204233"}],"curies":[{"name":"wp","href":"https:\/\/api.w.org\/{rel}","templated":true}]}}