{"id":204235,"date":"2025-06-25T21:58:08","date_gmt":"2025-06-25T21:58:08","guid":{"rendered":"https:\/\/www.europesays.com\/fr\/204235\/"},"modified":"2025-06-25T21:58:08","modified_gmt":"2025-06-25T21:58:08","slug":"le-reve-giroud-a-lille-et-si-cetait-vraiment-possible-les-4-raisons-dy-croire","status":"publish","type":"post","link":"https:\/\/www.europesays.com\/fr\/204235\/","title":{"rendered":"Le r\u00eave Giroud \u00e0 Lille : Et si c&rsquo;\u00e9tait vraiment possible ? Les 4 raisons d&rsquo;y croire !"},"content":{"rendered":"<p data-testid=\"article-teaser\">Olivier Giroud de retour en Ligue 1 ? Une rumeur folle l&rsquo;envoie au LOSC ! Si l&rsquo;id\u00e9e peut surprendre, elle repose pourtant sur une logique sportive et \u00e9conomique implacable&#8230;<\/p>\n<p>Et si le LOSC r\u00e9alisait l&rsquo;un des coups les plus retentissants du mercato estival en France ? Depuis quelques heures, une rumeur prend de l&rsquo;ampleur : Olivier Giroud, <a href=\"https:\/\/fr.wikipedia.org\/wiki\/Liste_des_meilleurs_buteurs_en_%C3%A9quipe_de_France_de_football\" target=\"_self\" rel=\"noopener\">meilleur buteur de l&rsquo;histoire de l&rsquo;\u00e9quipe de France<\/a>, serait dans le viseur du club nordiste pour un retour spectaculaire en Ligue 1, plus de douze ans apr\u00e8s l&rsquo;avoir quitt\u00e9e. Si, \u00e0 premi\u00e8re vue, l&rsquo;id\u00e9e de voir l&rsquo;attaquant de 38 ans quitter le Los Angeles FC pour Lille peut sembler farfelue, elle est en r\u00e9alit\u00e9 bien plus qu&rsquo;une simple sp\u00e9culation. <a href=\"https:\/\/lepetitlillois.com\/2025\/06\/25\/mercato-olivier-giroud-a-la-pointe-de-son-attaque-le-losc-tente-un-coup-a-la-samuel-umtiti\/\" target=\"_self\" rel=\"noopener\">Selon le m\u00e9dia Le Petit Lillois<\/a>, l&rsquo;int\u00e9r\u00eat est r\u00e9el et de premi\u00e8res discussions ont m\u00eame d\u00e9j\u00e0 eu lieu. En y regardant de plus pr\u00e8s, ce qui ressemble \u00e0 un r\u00eave un peu fou pourrait bien \u00eatre une op\u00e9ration m\u00fbrement r\u00e9fl\u00e9chie et b\u00e9n\u00e9fique pour toutes les parties.<\/p>\n<p>L&rsquo;article continue ci-dessous<\/p>\n","protected":false},"excerpt":{"rendered":"Olivier Giroud de retour en Ligue 1 ? Une rumeur folle l&rsquo;envoie au LOSC ! Si l&rsquo;id\u00e9e peut&hellip;\n","protected":false},"author":2,"featured_media":204236,"comment_status":"","ping_status":"","sticky":false,"template":"","format":"standard","meta":{"footnotes":""},"categories":[2815],"tags":[1111,11,1777,674,1011,27,811,66,1307,1434,12,34309,25,28401],"class_list":{"0":"post-204235","1":"post","2":"type-post","3":"status-publish","4":"format-standard","5":"has-post-thumbnail","7":"category-lille","8":"tag-actu","9":"tag-actualites","10":"tag-eu","11":"tag-europe","12":"tag-fr","13":"tag-france","14":"tag-hauts-de-france","15":"tag-ligue-1","16":"tag-lille","17":"tag-mercato","18":"tag-news","19":"tag-o-giroud","20":"tag-republique-francaise","21":"tag-transfers"},"share_on_mastodon":{"url":"https:\/\/pubeurope.com\/@fr\/114746248649002065","error":""},"_links":{"self":[{"href":"https:\/\/www.europesays.com\/fr\/wp-json\/wp\/v2\/posts\/204235","targetHints":{"allow":["GET"]}}],"collection":[{"href":"https:\/\/www.europesays.com\/fr\/wp-json\/wp\/v2\/posts"}],"about":[{"href":"https:\/\/www.europesays.com\/fr\/wp-json\/wp\/v2\/types\/post"}],"author":[{"embeddable":true,"href":"https:\/\/www.europesays.com\/fr\/wp-json\/wp\/v2\/users\/2"}],"replies":[{"embeddable":true,"href":"https:\/\/www.europesays.com\/fr\/wp-json\/wp\/v2\/comments?post=204235"}],"version-history":[{"count":0,"href":"https:\/\/www.europesays.com\/fr\/wp-json\/wp\/v2\/posts\/204235\/revisions"}],"wp:featuredmedia":[{"embeddable":true,"href":"https:\/\/www.europesays.com\/fr\/wp-json\/wp\/v2\/media\/204236"}],"wp:attachment":[{"href":"https:\/\/www.europesays.com\/fr\/wp-json\/wp\/v2\/media?parent=204235"}],"wp:term":[{"taxonomy":"category","embeddable":true,"href":"https:\/\/www.europesays.com\/fr\/wp-json\/wp\/v2\/categories?post=204235"},{"taxonomy":"post_tag","embeddable":true,"href":"https:\/\/www.europesays.com\/fr\/wp-json\/wp\/v2\/tags?post=204235"}],"curies":[{"name":"wp","href":"https:\/\/api.w.org\/{rel}","templated":true}]}}