{"id":204237,"date":"2025-06-25T21:59:10","date_gmt":"2025-06-25T21:59:10","guid":{"rendered":"https:\/\/www.europesays.com\/fr\/204237\/"},"modified":"2025-06-25T21:59:10","modified_gmt":"2025-06-25T21:59:10","slug":"pour-feter-sa-liberation-conditionnelle-un-homme-commet-un-cambriolage-et-part-acheter-du-crack","status":"publish","type":"post","link":"https:\/\/www.europesays.com\/fr\/204237\/","title":{"rendered":"pour f\u00eater sa lib\u00e9ration conditionnelle, un homme commet un cambriolage et part acheter du crack"},"content":{"rendered":"<p>Il ne passait pas inaper\u00e7u, de bon matin, ce mercredi 25 juin 2025, avec son pantalon blanc et le torse nu dans le quartier de Jusles-Guesde, pr\u00e8s de la porte-d&rsquo;Aix, dans le 2e arrondissement de <a href=\"https:\/\/www.laprovence.com\/bouches-du-rhone\/marseille-13055\" target=\"_blank\" rel=\"noopener\">Marseille<\/a>. L&rsquo;homme encombr\u00e9 par des appareils \u00e9lectroniques, a achev\u00e9 de susciter la curiosit\u00e9 d&rsquo;une patrouille de policiers municipaux lorsque, vers 8h, il s&rsquo;est approch\u00e9 d&rsquo;un illustre revendeur de crack de la place, avec l&rsquo;intention de faire affaire.<\/p>\n<p>Deux ordinateurs portables sur lui<\/p>\n<p>Premi\u00e8re surprise pour les agents de la brigade \u00e0 scooter qui l&rsquo;ont contr\u00f4l\u00e9, le jeune homme \u00e9tait en possession de deux ordinateurs portables et de trois t\u00e9l\u00e9phones. Deuxi\u00e8me motif d&rsquo;\u00e9tonnement, il \u00e9tait aussi porteur d&rsquo;une carte de d\u00e9tenu du centre p\u00e9nitentiaire des Baumettes, bien \u00e0 lui, celle-ci.<\/p>\n<p>En <strong>lib\u00e9ration conditionnelle \u00e0 la suite d&rsquo;une condamnation pour des faits de cambriolage<\/strong>, il a fini par expliquer aux policiers qu&rsquo;il avait l&rsquo;intention de c\u00e9l\u00e9brer son \u00e9ph\u00e9m\u00e8re \u00e9largissement \u00e0 <strong>grand renfort de crack et de prostitu\u00e9es<\/strong>, avant de r\u00e9int\u00e9grer la prison.\u00a0<\/p>\n<p>Pour financer sa sortie, l&rsquo;homme venait d&rsquo;ailleurs de commettre <strong>un nouveau cambriolage<\/strong>.\u00a0Alert\u00e9 par radio, un op\u00e9rateur du centre de supervision urbain remontait alors le fil des \u00e9v\u00e8nements en suivant la silhouette fort reconnaissable, de cam\u00e9ra en cam\u00e9ra, dans les minutes qui avaient pr\u00e9c\u00e9d\u00e9 l&rsquo;interpellation.<\/p>\n<p>La piste du suspect a amen\u00e9 les agents jusqu&rsquo;\u00e0 la place Labadie, aux R\u00e9form\u00e9s, dans le 1er arrondissement, o\u00f9 un appartement venait effectivement d&rsquo;\u00eatre cambriol\u00e9.\u00a0<\/p>\n<p>Remis aux policiers du commissariat de la division centre, l&rsquo;homme a \u00e9t\u00e9 plac\u00e9 en garde \u00e0 vue et les objets vol\u00e9s restitu\u00e9s.<\/p>\n","protected":false},"excerpt":{"rendered":"Il ne passait pas inaper\u00e7u, de bon matin, ce mercredi 25 juin 2025, avec son pantalon blanc et&hellip;\n","protected":false},"author":2,"featured_media":204238,"comment_status":"","ping_status":"","sticky":false,"template":"","format":"standard","meta":{"footnotes":""},"categories":[2814],"tags":[17,1111,11,34311,34310,1777,674,274,15652,1011,27,4933,9985,884,12,471,882,25],"class_list":{"0":"post-204237","1":"post","2":"type-post","3":"status-publish","4":"format-standard","5":"has-post-thumbnail","7":"category-marseille","8":"tag-17","9":"tag-actu","10":"tag-actualites","11":"tag-commet","12":"tag-conditionnelle","13":"tag-eu","14":"tag-europe","15":"tag-faits-divers-justice","16":"tag-feter","17":"tag-fr","18":"tag-france","19":"tag-homme","20":"tag-liberation","21":"tag-marseille","22":"tag-news","23":"tag-pour","24":"tag-provence-alpes-cote-dazur","25":"tag-republique-francaise"},"share_on_mastodon":{"url":"https:\/\/pubeurope.com\/@fr\/114746252802579334","error":""},"_links":{"self":[{"href":"https:\/\/www.europesays.com\/fr\/wp-json\/wp\/v2\/posts\/204237","targetHints":{"allow":["GET"]}}],"collection":[{"href":"https:\/\/www.europesays.com\/fr\/wp-json\/wp\/v2\/posts"}],"about":[{"href":"https:\/\/www.europesays.com\/fr\/wp-json\/wp\/v2\/types\/post"}],"author":[{"embeddable":true,"href":"https:\/\/www.europesays.com\/fr\/wp-json\/wp\/v2\/users\/2"}],"replies":[{"embeddable":true,"href":"https:\/\/www.europesays.com\/fr\/wp-json\/wp\/v2\/comments?post=204237"}],"version-history":[{"count":0,"href":"https:\/\/www.europesays.com\/fr\/wp-json\/wp\/v2\/posts\/204237\/revisions"}],"wp:featuredmedia":[{"embeddable":true,"href":"https:\/\/www.europesays.com\/fr\/wp-json\/wp\/v2\/media\/204238"}],"wp:attachment":[{"href":"https:\/\/www.europesays.com\/fr\/wp-json\/wp\/v2\/media?parent=204237"}],"wp:term":[{"taxonomy":"category","embeddable":true,"href":"https:\/\/www.europesays.com\/fr\/wp-json\/wp\/v2\/categories?post=204237"},{"taxonomy":"post_tag","embeddable":true,"href":"https:\/\/www.europesays.com\/fr\/wp-json\/wp\/v2\/tags?post=204237"}],"curies":[{"name":"wp","href":"https:\/\/api.w.org\/{rel}","templated":true}]}}