{"id":204242,"date":"2025-06-25T22:02:24","date_gmt":"2025-06-25T22:02:24","guid":{"rendered":"https:\/\/www.europesays.com\/fr\/204242\/"},"modified":"2025-06-25T22:02:24","modified_gmt":"2025-06-25T22:02:24","slug":"le-maire-de-lyon-estime-que-les-problematiques-actuelles-du-club-ont-trop-dure","status":"publish","type":"post","link":"https:\/\/www.europesays.com\/fr\/204242\/","title":{"rendered":"le maire de Lyon estime que \u00ab\u00a0les probl\u00e9matiques actuelles (du club) ont trop dur\u00e9\u00a0\u00bb"},"content":{"rendered":"<p itemprop=\"description\"><strong>S\u2019il n\u2019est pas franchement fan de foot, Gr\u00e9gory Doucet a r\u00e9agi ce mercredi \u00e0 l\u2019annonce de la rel\u00e9gation de l\u2019OL.<\/strong><\/p>\n<p>\u00ab\u00a0Comme tous les supporters de l\u2019Olympique Lyonnais, je suis profond\u00e9ment inquiet et pr\u00e9occup\u00e9. Il y a aujourd\u2019hui une v\u00e9ritable \u00e9p\u00e9e de Damocl\u00e8s au-dessus de la t\u00eate du club\u00a0\u00bb, a expliqu\u00e9 le maire de Lyon en marge de l\u2019inauguration de la r\u00e9habilitation de la barre Sakharov \u00e0 la Duch\u00e8re.\u00a0<\/p>\n<p>Et l\u2019\u00e9lu \u00e9cologiste de poursuivre : \u00ab\u00a0J\u2019ai une pens\u00e9e pour les salari\u00e9s, pour les joueurs et pour les supporters. L\u2019OL est bien plus que notre club de football : c\u2019est un ciment de notre ville. Il f\u00e9d\u00e8re, rassemble, donne du plaisir \u00e0 des milliers de Lyonnaises et de Lyonnais. L&rsquo;OL ne peut pas \u00eatre pris \u00e0 la l\u00e9g\u00e8re\u00a0\u00bb.<\/p>\n<p><strong>Gr\u00e9gory Doucet<\/strong> veut malgr\u00e9 tout se montrer optimiste : \u00ab\u00a0Je ne doute pas que tout soit mis en \u0153uvre pour \u00e9viter une rel\u00e9gation, et je veux croire que la direction du club saura prendre ses responsabilit\u00e9s. <strong>John Textor<\/strong> doit aujourd\u2019hui apporter des r\u00e9ponses concr\u00e8tes. Les probl\u00e9matiques actuelles ont trop dur\u00e9\u00a0\u00bb.<\/p>\n","protected":false},"excerpt":{"rendered":"S\u2019il n\u2019est pas franchement fan de foot, Gr\u00e9gory Doucet a r\u00e9agi ce mercredi \u00e0 l\u2019annonce de la rel\u00e9gation&hellip;\n","protected":false},"author":2,"featured_media":204243,"comment_status":"","ping_status":"","sticky":false,"template":"","format":"standard","meta":{"footnotes":""},"categories":[1889],"tags":[1111,11,2813,2430,1109,1112,1777,674,2257,1011,27,1922,1110,1114,2428,2851,12,241,25,517],"class_list":{"0":"post-204242","1":"post","2":"type-post","3":"status-publish","4":"format-standard","5":"has-post-thumbnail","7":"category-lyon","8":"tag-actu","9":"tag-actualites","10":"tag-article","11":"tag-auvergne-rhone-alpes","12":"tag-breves","13":"tag-depeches","14":"tag-eu","15":"tag-europe","16":"tag-foot","17":"tag-fr","18":"tag-france","19":"tag-info","20":"tag-informations","21":"tag-infos","22":"tag-lyon","23":"tag-lyonfoot","24":"tag-news","25":"tag-ol","26":"tag-republique-francaise","27":"tag-sport"},"share_on_mastodon":{"url":"https:\/\/pubeurope.com\/@fr\/114746264294602824","error":""},"_links":{"self":[{"href":"https:\/\/www.europesays.com\/fr\/wp-json\/wp\/v2\/posts\/204242","targetHints":{"allow":["GET"]}}],"collection":[{"href":"https:\/\/www.europesays.com\/fr\/wp-json\/wp\/v2\/posts"}],"about":[{"href":"https:\/\/www.europesays.com\/fr\/wp-json\/wp\/v2\/types\/post"}],"author":[{"embeddable":true,"href":"https:\/\/www.europesays.com\/fr\/wp-json\/wp\/v2\/users\/2"}],"replies":[{"embeddable":true,"href":"https:\/\/www.europesays.com\/fr\/wp-json\/wp\/v2\/comments?post=204242"}],"version-history":[{"count":0,"href":"https:\/\/www.europesays.com\/fr\/wp-json\/wp\/v2\/posts\/204242\/revisions"}],"wp:featuredmedia":[{"embeddable":true,"href":"https:\/\/www.europesays.com\/fr\/wp-json\/wp\/v2\/media\/204243"}],"wp:attachment":[{"href":"https:\/\/www.europesays.com\/fr\/wp-json\/wp\/v2\/media?parent=204242"}],"wp:term":[{"taxonomy":"category","embeddable":true,"href":"https:\/\/www.europesays.com\/fr\/wp-json\/wp\/v2\/categories?post=204242"},{"taxonomy":"post_tag","embeddable":true,"href":"https:\/\/www.europesays.com\/fr\/wp-json\/wp\/v2\/tags?post=204242"}],"curies":[{"name":"wp","href":"https:\/\/api.w.org\/{rel}","templated":true}]}}