{"id":204246,"date":"2025-06-25T22:05:09","date_gmt":"2025-06-25T22:05:09","guid":{"rendered":"https:\/\/www.europesays.com\/fr\/204246\/"},"modified":"2025-06-25T22:05:09","modified_gmt":"2025-06-25T22:05:09","slug":"la-grande-mosquee-de-paris-confirme-la-date-de-muharram-le-premier-mois-sacre-du-calendrier-musulman","status":"publish","type":"post","link":"https:\/\/www.europesays.com\/fr\/204246\/","title":{"rendered":"La Grande Mosqu\u00e9e de Paris confirme la date de Muharram, le premier mois sacr\u00e9 du calendrier musulman"},"content":{"rendered":"<p>            Par<br \/>\n        <strong><br \/>\n            <a href=\"https:\/\/actu.fr\/auteur\/redaction-paris\" title=\"Consulter tous les articles de R\u00e9daction Paris\" rel=\"nofollow noopener\" target=\"_blank\">R\u00e9daction Paris<\/a><br \/>\n        <\/strong><\/p>\n<p>        Publi\u00e9 le<\/p>\n<p>            25 juin 2025 \u00e0 17h58        <\/p>\n<p>Il correspond au premier mois du calendrier musulman. Muharram 1447 aura lieu cette ann\u00e9e le vendredi 27\u00a0juin 2025, vient d\u2019annoncer la commission religieuse de la Grande Mosqu\u00e9e de <a href=\"https:\/\/actu.fr\/paris\/dernieres-actus\" rel=\"nofollow noopener\" target=\"_blank\">Paris<\/a> dans un communiqu\u00e9.<\/p>\n<p>L\u2019un des quatre mois sacr\u00e9s de l\u2019islam<\/p>\n<p class=\" wall-content\">L\u2019institution du 5e arrondissement pr\u00e9cise qu\u2019elle signalerait tr\u00e8s prochainement le nissab de la Zakat al-Maal (le montant minimal d\u2019\u00e9pargne annuelle rendant obligatoire l\u2019acquittement de cette aum\u00f4ne) pour la nouvelle ann\u00e9e 1447.<\/p>\n<p class=\" wall-content\">\n<p class=\" wall-content\">La Grande Mosqu\u00e9e avise \u00e9galement les fid\u00e8les que le jour d\u2019Achoura \u2013 qui comm\u00e9more le jour o\u00f9 Moussa (Mo\u00efse) traversa la mer Rouge avec son peuple, et qui correspond au dixi\u00e8me jour de Muharram -, sera par cons\u00e9quent le dimanche 6\u00a0juillet 2025.<\/p>\n<p class=\" wall-content\">Alors que le \u00ab\u00a0passage \u00e0 une nouvelle ann\u00e9e nous rappelle les nobles enseignements li\u00e9s \u00e0 l\u2019H\u00e9gire du Proph\u00e8te Mohammed\u00a0\u00bb, la Grande Mosqu\u00e9e \u00ab\u00a0adresse ses pens\u00e9es les plus fraternelles \u00e0 tous les musulmans et \u00e0 l\u2019ensemble de [s]es concitoyens\u00a0\u00bb, souligne dans sa communication le recteur, Chems-eddine Hafiz.<\/p>\n<p class=\" wall-content\">Muharram est l\u2019un des quatre mois sacr\u00e9s de l\u2019islam, avec rajab, dhou al qi`da et dhou al-hijja. Il \u00ab\u2009marquait \u00e0 l\u2019origine le d\u00e9but d\u2019une p\u00e9riode de quatre mois durant lesquels une tr\u00eave sacr\u00e9e devait \u00eatre observ\u00e9e tandis que toute hostilit\u00e9 devait cesser le septi\u00e8me mois du calendrier, le rajab\u2009\u00bb, \u00e9claire Pierre Cuperly dans F\u00eates et pri\u00e8res des grandes religions, (\u00c9ditions de l\u2019Atelier, 2005).<\/p>\n<p>Vid\u00e9os : en ce moment sur Actu<\/p>\n<p class=\" wall-content\">Suivez toute l\u2019actualit\u00e9 de vos villes et m\u00e9dias favoris en vous inscrivant \u00e0 <a href=\"https:\/\/moncompte.actu.fr\" title=\"D\u00e9couvez Mon Actu\" rel=\"nofollow noopener\" data-trk=\"{&quot;cta&quot;:{&quot;action&quot;:&quot;https:\\\/\\\/moncompte.actu.fr&quot;,&quot;category&quot;:&quot;mon compte&quot;,&quot;from&quot;:&quot;article footer&quot;,&quot;name&quot;:&quot;Mon actu&quot;,&quot;type&quot;:&quot;cta&quot;}}\" target=\"_blank\">Mon Actu<\/a>.<\/p>\n","protected":false},"excerpt":{"rendered":"Par R\u00e9daction Paris Publi\u00e9 le 25 juin 2025 \u00e0 17h58 Il correspond au premier mois du calendrier musulman.&hellip;\n","protected":false},"author":2,"featured_media":204247,"comment_status":"","ping_status":"","sticky":false,"template":"","format":"standard","meta":{"footnotes":""},"categories":[1888],"tags":[1111,1928,11,1927,1777,674,1011,27,5318,12,1926,626,1925,4020,25,104],"class_list":{"0":"post-204246","1":"post","2":"type-post","3":"status-publish","4":"format-standard","5":"has-post-thumbnail","7":"category-paris","8":"tag-actu","9":"tag-actu-paris","10":"tag-actualites","11":"tag-actualites-paris","12":"tag-eu","13":"tag-europe","14":"tag-fr","15":"tag-france","16":"tag-islam","17":"tag-news","18":"tag-news-paris","19":"tag-paris","20":"tag-paris-news","21":"tag-religion","22":"tag-republique-francaise","23":"tag-societe"},"share_on_mastodon":{"url":"https:\/\/pubeurope.com\/@fr\/114746276161378863","error":""},"_links":{"self":[{"href":"https:\/\/www.europesays.com\/fr\/wp-json\/wp\/v2\/posts\/204246","targetHints":{"allow":["GET"]}}],"collection":[{"href":"https:\/\/www.europesays.com\/fr\/wp-json\/wp\/v2\/posts"}],"about":[{"href":"https:\/\/www.europesays.com\/fr\/wp-json\/wp\/v2\/types\/post"}],"author":[{"embeddable":true,"href":"https:\/\/www.europesays.com\/fr\/wp-json\/wp\/v2\/users\/2"}],"replies":[{"embeddable":true,"href":"https:\/\/www.europesays.com\/fr\/wp-json\/wp\/v2\/comments?post=204246"}],"version-history":[{"count":0,"href":"https:\/\/www.europesays.com\/fr\/wp-json\/wp\/v2\/posts\/204246\/revisions"}],"wp:featuredmedia":[{"embeddable":true,"href":"https:\/\/www.europesays.com\/fr\/wp-json\/wp\/v2\/media\/204247"}],"wp:attachment":[{"href":"https:\/\/www.europesays.com\/fr\/wp-json\/wp\/v2\/media?parent=204246"}],"wp:term":[{"taxonomy":"category","embeddable":true,"href":"https:\/\/www.europesays.com\/fr\/wp-json\/wp\/v2\/categories?post=204246"},{"taxonomy":"post_tag","embeddable":true,"href":"https:\/\/www.europesays.com\/fr\/wp-json\/wp\/v2\/tags?post=204246"}],"curies":[{"name":"wp","href":"https:\/\/api.w.org\/{rel}","templated":true}]}}