{"id":204256,"date":"2025-06-25T22:10:10","date_gmt":"2025-06-25T22:10:10","guid":{"rendered":"https:\/\/www.europesays.com\/fr\/204256\/"},"modified":"2025-06-25T22:10:10","modified_gmt":"2025-06-25T22:10:10","slug":"au-sommet-de-lotan-des-objectifs-atteints-malgre-la-dramaturgie-trumpienne-liberation","status":"publish","type":"post","link":"https:\/\/www.europesays.com\/fr\/204256\/","title":{"rendered":"Au sommet de l\u2019Otan, des objectifs atteints malgr\u00e9 la dramaturgie trumpienne \u2013 Lib\u00e9ration"},"content":{"rendered":"<p class=\"sc-ksZaOG ehjQrN text-element\">Jusqu\u2019\u00e0 la derni\u00e8re minute, le suspense aura \u00e9t\u00e9 entier au sommet de l\u2019Otan qui se tenait \u00e0 La Haye, aux Pays-Bas, ces 24 et 25 juin. Des mois de travail et la s\u00e9curit\u00e9 des 450 millions d\u2019Europ\u00e9ens \u00e9taient suspendus \u00e0 l\u2019humeur du pr\u00e9sident am\u00e9ricain, descendu d\u2019un pas lourd de son avion, mardi soir, apr\u00e8s avoir sem\u00e9 la confusion en affirmant qu\u2019il y a \u00abplusieurs interpr\u00e9tations possibles\u00bb de l\u2019article 5 du trait\u00e9 de d\u00e9fense de l\u2019Atlantique Nord, socle de la s\u00e9curit\u00e9 europ\u00e9enne face aux vell\u00e9it\u00e9s d\u2019expansion de la Russie. M\u00eame si, en effet, le principe d\u2019\u00abune attaque contre l\u2019un est une attaque contre tous\u00bb <a href=\"https:\/\/www.liberation.fr\/international\/europe\/leurope-peut-elle-eviter-leffondrement-de-lukraine-si-les-etats-unis-sortent-du-jeu-20241219_RSGLV6GCJZFWDKPGX6GFZMJKBU\/\" target=\"_blank\" rel=\"noopener\" title=\"https:\/\/www.liberation.fr\/international\/europe\/leurope-peut-elle-eviter-leffondrement-de-lukraine-si-les-etats-unis-sortent-du-jeu-20241219_RSGLV6GCJZFWDKPGX6GFZMJKBU\/\">offre aux 32 Etats membres plusieurs niveaux d\u2019investissement dans un \u00e9ventuel conflit<\/a>, la perspective que les Etats-Unis puissent \u00e9taler sous les yeux de Vladimir Poutine et de ses alli\u00e9s chinois, iraniens et nord-cor\u00e9ens autre chose qu\u2019un soutien militaire plein et massif en cas d\u2019attaque a fait fr\u00e9mir les Europ\u00e9ens.<\/p>\n<p class=\"sc-ksZaOG ehjQrN text-element\">Mais d\u00e8s mercredi matin, apr\u00e8s une nuit au palais chouchout\u00e9 par le roi et la reine des Pays-Bas, Donald Trump avait post\u00e9 des signes encourageants sous forme de messages guille<\/p>\n","protected":false},"excerpt":{"rendered":"Jusqu\u2019\u00e0 la derni\u00e8re minute, le suspense aura \u00e9t\u00e9 entier au sommet de l\u2019Otan qui se tenait \u00e0 La&hellip;\n","protected":false},"author":2,"featured_media":204257,"comment_status":"","ping_status":"","sticky":false,"template":"","format":"standard","meta":{"footnotes":""},"categories":[1590],"tags":[11,554,75,1777,674,12,220,134],"class_list":{"0":"post-204256","1":"post","2":"type-post","3":"status-publish","4":"format-standard","5":"has-post-thumbnail","7":"category-ukraine","8":"tag-actualites","9":"tag-defense","10":"tag-donald-trump","11":"tag-eu","12":"tag-europe","13":"tag-news","14":"tag-ukraine","15":"tag-volodymyr-zelensky"},"share_on_mastodon":{"url":"https:\/\/pubeurope.com\/@fr\/114746295818452930","error":""},"_links":{"self":[{"href":"https:\/\/www.europesays.com\/fr\/wp-json\/wp\/v2\/posts\/204256","targetHints":{"allow":["GET"]}}],"collection":[{"href":"https:\/\/www.europesays.com\/fr\/wp-json\/wp\/v2\/posts"}],"about":[{"href":"https:\/\/www.europesays.com\/fr\/wp-json\/wp\/v2\/types\/post"}],"author":[{"embeddable":true,"href":"https:\/\/www.europesays.com\/fr\/wp-json\/wp\/v2\/users\/2"}],"replies":[{"embeddable":true,"href":"https:\/\/www.europesays.com\/fr\/wp-json\/wp\/v2\/comments?post=204256"}],"version-history":[{"count":0,"href":"https:\/\/www.europesays.com\/fr\/wp-json\/wp\/v2\/posts\/204256\/revisions"}],"wp:featuredmedia":[{"embeddable":true,"href":"https:\/\/www.europesays.com\/fr\/wp-json\/wp\/v2\/media\/204257"}],"wp:attachment":[{"href":"https:\/\/www.europesays.com\/fr\/wp-json\/wp\/v2\/media?parent=204256"}],"wp:term":[{"taxonomy":"category","embeddable":true,"href":"https:\/\/www.europesays.com\/fr\/wp-json\/wp\/v2\/categories?post=204256"},{"taxonomy":"post_tag","embeddable":true,"href":"https:\/\/www.europesays.com\/fr\/wp-json\/wp\/v2\/tags?post=204256"}],"curies":[{"name":"wp","href":"https:\/\/api.w.org\/{rel}","templated":true}]}}