{"id":204262,"date":"2025-06-25T22:13:08","date_gmt":"2025-06-25T22:13:08","guid":{"rendered":"https:\/\/www.europesays.com\/fr\/204262\/"},"modified":"2025-06-25T22:13:08","modified_gmt":"2025-06-25T22:13:08","slug":"la-france-plie-face-a-lallemagne-et-est-eliminee-en-demi-finale","status":"publish","type":"post","link":"https:\/\/www.europesays.com\/fr\/204262\/","title":{"rendered":"la France plie face \u00e0 l\u2019Allemagne et est \u00e9limin\u00e9e en demi-finale"},"content":{"rendered":"<p>Cette fois-ci, la marche \u00e9tait beaucoup trop haute pour les hommes de G\u00e9rald Baticle. Face au favori allemand, qui n\u2019avait pas encore perdu une seule rencontre de la comp\u00e9tition, la t\u00e2che s\u2019annon\u00e7ait d\u00e9j\u00e0 tr\u00e8s compliqu\u00e9e pour une \u00e9quipe de France qui n\u2019avait montr\u00e9 que peu de garanties sur le plan technique. Et tr\u00e8s vite, la classe d\u2019\u00e9cart qui s\u00e9parait les deux \u00e9quipes s\u2019est montr\u00e9e brutale.<\/p>\n<p>            La suite apr\u00e8s cette publicit\u00e9<\/p>\n<p>Sur une perte de balle de Magassa apr\u00e8s une passe impr\u00e9cise, les jeunes allemands d\u00e9roulent un contre \u00e9clair, qui voit Weiper marquer le premier but de la rencontre (1-0, 7e) sur la premi\u00e8re opportunit\u00e9 des co\u00e9quipiers de Woltemade. \u00c9touffants au pressing, les Allemands ont priv\u00e9 les offensifs fran\u00e7ais de ballons, gr\u00e2ce notamment \u00e0 l\u2019activit\u00e9 monumentale d\u2019Eric Martel dans le c\u0153ur du jeu. Quelques minutes apr\u00e8s l\u2019ouverture du score, Magassa va \u00e0 nouveau perdre une pr\u00e9cieuse munition \u00e0 l\u2019entr\u00e9e de la surface, que le meilleur buteur Nick Woltemade va concr\u00e9tiser en deux temps (2-0, 14e).<\/p>\n<p><strong>La muraille Noah Atubolu<\/strong><\/p>\n<p>Tranquillement en t\u00eate, la Mannschaft va laisser le contr\u00f4le du ballon \u00e0 une \u00e9quipe fran\u00e7aise en manque d\u2019inspiration, qui vont cependant peu \u00e0 peu trouver des failles dans cette solide d\u00e9fense germanique. Si Abline manque le cadre de la t\u00eate (37e), c\u2019est le premier d\u2019une longue s\u00e9rie d\u2019arr\u00eats du jeune portier de Fribourg Noah Atubolu qui va emp\u00eacher Thierno Barry de r\u00e9duire l\u2019\u00e9cart (46e).<\/p>\n<p>La suite de la rencontre va \u00eatre une pluie de contres. Et des deux c\u00f4t\u00e9s les gardiens vont briller, d\u2019abord Restes sur une tentative \u00e0 bout portant de Woltemade (66e), puis deux minutes plus tard, c\u2019est Atubolu qui repousse magnifiquement une t\u00eate de Thierno Barry (68e). En fin de rencontre, Brajan Gruda est venu aggraver une marque d\u00e9j\u00e0 lourde pour des Bleus qui se sont battus jusqu\u2019au bout, apr\u00e8s un d\u00e9calage subtil de Paul Wanner (3-0, 90+5e). La France passe \u00e0 nouveau au travers d\u2019une demi-finale chez les espoirs, et maintient la triste s\u00e9rie de 24 ans sans finale dans un Euro.<\/p>\n<p>\n    Pub. le 25\/06\/2025 22:54<br \/>\n            &#8211; MAJ le 26\/06\/2025 00:00\n    <\/p>\n","protected":false},"excerpt":{"rendered":"Cette fois-ci, la marche \u00e9tait beaucoup trop haute pour les hommes de G\u00e9rald Baticle. Face au favori allemand,&hellip;\n","protected":false},"author":2,"featured_media":204263,"comment_status":"","ping_status":"","sticky":false,"template":"","format":"standard","meta":{"footnotes":""},"categories":[1587],"tags":[11,672,1804,1805,1803,1777,674,1801,12,1802],"class_list":{"0":"post-204262","1":"post","2":"type-post","3":"status-publish","4":"format-standard","5":"has-post-thumbnail","7":"category-allemagne","8":"tag-actualites","9":"tag-allemagne","10":"tag-bundesrepublik-deutschland","11":"tag-de","12":"tag-deutschland","13":"tag-eu","14":"tag-europe","15":"tag-germany","16":"tag-news","17":"tag-republique-federale-dallemagne"},"share_on_mastodon":{"url":"https:\/\/pubeurope.com\/@fr\/114746307644581290","error":""},"_links":{"self":[{"href":"https:\/\/www.europesays.com\/fr\/wp-json\/wp\/v2\/posts\/204262","targetHints":{"allow":["GET"]}}],"collection":[{"href":"https:\/\/www.europesays.com\/fr\/wp-json\/wp\/v2\/posts"}],"about":[{"href":"https:\/\/www.europesays.com\/fr\/wp-json\/wp\/v2\/types\/post"}],"author":[{"embeddable":true,"href":"https:\/\/www.europesays.com\/fr\/wp-json\/wp\/v2\/users\/2"}],"replies":[{"embeddable":true,"href":"https:\/\/www.europesays.com\/fr\/wp-json\/wp\/v2\/comments?post=204262"}],"version-history":[{"count":0,"href":"https:\/\/www.europesays.com\/fr\/wp-json\/wp\/v2\/posts\/204262\/revisions"}],"wp:featuredmedia":[{"embeddable":true,"href":"https:\/\/www.europesays.com\/fr\/wp-json\/wp\/v2\/media\/204263"}],"wp:attachment":[{"href":"https:\/\/www.europesays.com\/fr\/wp-json\/wp\/v2\/media?parent=204262"}],"wp:term":[{"taxonomy":"category","embeddable":true,"href":"https:\/\/www.europesays.com\/fr\/wp-json\/wp\/v2\/categories?post=204262"},{"taxonomy":"post_tag","embeddable":true,"href":"https:\/\/www.europesays.com\/fr\/wp-json\/wp\/v2\/tags?post=204262"}],"curies":[{"name":"wp","href":"https:\/\/api.w.org\/{rel}","templated":true}]}}