{"id":204264,"date":"2025-06-25T22:14:10","date_gmt":"2025-06-25T22:14:10","guid":{"rendered":"https:\/\/www.europesays.com\/fr\/204264\/"},"modified":"2025-06-25T22:14:10","modified_gmt":"2025-06-25T22:14:10","slug":"guerre-en-ukraine-zelensky-signe-au-conseil-de-leurope-laccord-pour-la-creation-dun-tribunal-special","status":"publish","type":"post","link":"https:\/\/www.europesays.com\/fr\/204264\/","title":{"rendered":"Guerre en Ukraine. Zelensky signe au Conseil de l&rsquo;Europe l&rsquo;accord pour la cr\u00e9ation d&rsquo;un tribunal sp\u00e9cial"},"content":{"rendered":"<p>Le pr\u00e9sident ukrainien <a href=\"https:\/\/www.ledauphine.com\/p\/volodymyr-zelensky\" target=\"_blank\" rel=\"nofollow noopener\">Volodymyr Zelensky<\/a> a sign\u00e9 mercredi <a href=\"https:\/\/www.ledauphine.com\/defense-guerre-conflit\/2025\/06\/25\/zelensky-attendu-a-strasbourg-pour-acter-la-creation-d-un-tribunal-special\" target=\"_blank\" rel=\"nofollow noopener\">un accord avec le Conseil de l&rsquo;Europe pour instituer un tribunal sp\u00e9cial <\/a>afin de poursuivre et juger les responsables du \u00ab crime d&rsquo;agression contre l&rsquo;Ukraine \u00bb.<\/p>\n<p>\u00ab Tous les criminels de guerre doivent savoir que justice sera rendue, et cela inclut la Russie \u00bb, a d\u00e9clar\u00e9 Volodymyr Zelensky. \u00ab Cette signature est une \u00e9tape d\u00e9cisive vers l&rsquo;\u00e9tablissement d&rsquo;un tribunal sp\u00e9cial pour le crime d&rsquo;agression contre l&rsquo;Ukraine \u00bb, a ajout\u00e9 Alain Berset, le pr\u00e9sident du Conseil de l&rsquo;Europe, qui rassemble 46 pays.<\/p>\n<p>\u00ab Crime d&rsquo;agression\u00a0\u00bb<\/p>\n<p>C&rsquo;est la premi\u00e8re fois qu&rsquo;un tribunal sp\u00e9cial est cr\u00e9\u00e9 sous l&rsquo;\u00e9gide du Conseil de l&rsquo;Europe, vigie des droits de l&rsquo;homme sur le continent et dont fait partie l&rsquo;Ukraine. La Russie en a \u00e9t\u00e9 exclue peu apr\u00e8s avoir lanc\u00e9, en f\u00e9vrier 2022, une guerre \u00e0 grande \u00e9chelle contre l&rsquo;Ukraine, toujours en cours.<\/p>\n<p>Un tribunal sp\u00e9cial vise \u00e0 juger les responsables de graves violations des droits de l&rsquo;homme dans le cadre d&rsquo;un conflit sp\u00e9cifique, comme il en a exist\u00e9 pour les crimes dans les ex-r\u00e9publiques yougoslaves ou pour le g\u00e9nocide des Tutsis au Rwanda.<\/p>\n<p>Sa cr\u00e9ation, annonc\u00e9e le 9 mai \u00e0 Lviv par l&rsquo;Ukraine et ses alli\u00e9s europ\u00e9ens, permet de contourner l&rsquo;impossibilit\u00e9 de juger le \u00ab crime d&rsquo;agression \u00bb \u00e0 la Cour p\u00e9nale internationale (CPI), non reconnue par Moscou. \u00ab L&rsquo;accord d&rsquo;aujourd&rsquo;hui et ce tribunal nous donnent une vraie chance d&rsquo;obtenir justice pour le crime d&rsquo;agression \u00bb, a encore d\u00e9clar\u00e9 Volodymyr Zelensky. Le crime d&rsquo;agression est d\u00e9fini comme \u00ab la planification, la pr\u00e9paration, le lancement ou l&rsquo;ex\u00e9cution par une personne effectivement en mesure de contr\u00f4ler ou de diriger l&rsquo;action politique ou militaire d&rsquo;un \u00c9tat, d&rsquo;un acte d&rsquo;agression qui, par sa nature, sa gravit\u00e9 et son ampleur, constitue une violation de la Charte des Nations unies \u00bb.<\/p>\n<p>Le tribunal sp\u00e9cial ne pourrait toutefois pas poursuivre le pr\u00e9sident russe <a href=\"https:\/\/www.ledauphine.com\/p\/vladimir-poutine\" target=\"_blank\" rel=\"nofollow noopener\">Vladimir Poutine<\/a>, ni son Premier ministre Mikha\u00efl Michoustine et son ministre des Affaires \u00e9trang\u00e8res Sergue\u00ef Lavrov, tant qu&rsquo;ils sont en fonction.<\/p>\n<p>Les 15 juges, issus de pays diff\u00e9rents, seront choisis par un comit\u00e9 de direction et install\u00e9s pour des mandats non renouvelables allant de trois \u00e0 neuf ans. Outre le projet de tribunal sp\u00e9cial, le Conseil de l&rsquo;Europe est \u00e0 l&rsquo;initiative d&rsquo;un registre des dommages caus\u00e9s par la guerre en Ukraine. Ce registre a re\u00e7u \u00ab plus de 34 000 demandes d&rsquo;indemnisation \u00e0 ce jour \u00bb, selon Alain Berset.<\/p>\n","protected":false},"excerpt":{"rendered":"Le pr\u00e9sident ukrainien Volodymyr Zelensky a sign\u00e9 mercredi un accord avec le Conseil de l&rsquo;Europe pour instituer un&hellip;\n","protected":false},"author":2,"featured_media":204265,"comment_status":"","ping_status":"","sticky":false,"template":"","format":"standard","meta":{"footnotes":""},"categories":[1586],"tags":[11,3206,1777,674,274,107,1011,27,329,12,316,25,220],"class_list":{"0":"post-204264","1":"post","2":"type-post","3":"status-publish","4":"format-standard","5":"has-post-thumbnail","7":"category-europe","8":"tag-actualites","9":"tag-defense-guerre-conflit","10":"tag-eu","11":"tag-europe","12":"tag-faits-divers-justice","13":"tag-fil-info","14":"tag-fr","15":"tag-france","16":"tag-france-monde","17":"tag-news","18":"tag-politique","19":"tag-republique-francaise","20":"tag-ukraine"},"share_on_mastodon":{"url":"https:\/\/pubeurope.com\/@fr\/114746311577510018","error":""},"_links":{"self":[{"href":"https:\/\/www.europesays.com\/fr\/wp-json\/wp\/v2\/posts\/204264","targetHints":{"allow":["GET"]}}],"collection":[{"href":"https:\/\/www.europesays.com\/fr\/wp-json\/wp\/v2\/posts"}],"about":[{"href":"https:\/\/www.europesays.com\/fr\/wp-json\/wp\/v2\/types\/post"}],"author":[{"embeddable":true,"href":"https:\/\/www.europesays.com\/fr\/wp-json\/wp\/v2\/users\/2"}],"replies":[{"embeddable":true,"href":"https:\/\/www.europesays.com\/fr\/wp-json\/wp\/v2\/comments?post=204264"}],"version-history":[{"count":0,"href":"https:\/\/www.europesays.com\/fr\/wp-json\/wp\/v2\/posts\/204264\/revisions"}],"wp:featuredmedia":[{"embeddable":true,"href":"https:\/\/www.europesays.com\/fr\/wp-json\/wp\/v2\/media\/204265"}],"wp:attachment":[{"href":"https:\/\/www.europesays.com\/fr\/wp-json\/wp\/v2\/media?parent=204264"}],"wp:term":[{"taxonomy":"category","embeddable":true,"href":"https:\/\/www.europesays.com\/fr\/wp-json\/wp\/v2\/categories?post=204264"},{"taxonomy":"post_tag","embeddable":true,"href":"https:\/\/www.europesays.com\/fr\/wp-json\/wp\/v2\/tags?post=204264"}],"curies":[{"name":"wp","href":"https:\/\/api.w.org\/{rel}","templated":true}]}}