{"id":204266,"date":"2025-06-25T22:15:20","date_gmt":"2025-06-25T22:15:20","guid":{"rendered":"https:\/\/www.europesays.com\/fr\/204266\/"},"modified":"2025-06-25T22:15:20","modified_gmt":"2025-06-25T22:15:20","slug":"clemence-maries-au-premier-regard-2025-a-appele-malik-pour-tenter-dapaiser-la-situation-apres-lannonce-de-leur-separation","status":"publish","type":"post","link":"https:\/\/www.europesays.com\/fr\/204266\/","title":{"rendered":"Cl\u00e9mence (Mari\u00e9s au premier regard 2025) a appel\u00e9 Malik pour tenter d&rsquo;apaiser la situation apr\u00e8s l&rsquo;annonce de leur s\u00e9paration"},"content":{"rendered":"<p>Cl\u00e9mence et Malik, le seul couple form\u00e9 dans Mari\u00e9s au premier regard 2025 dont l&rsquo;histoire a perdur\u00e9 au-del\u00e0 du bilan, se sont s\u00e9par\u00e9s comme ils l&rsquo;ont annonc\u00e9 il y a quelques jours. Stup\u00e9faction au sein des t\u00e9l\u00e9spectateurs de M6 qui veulent en savoir plus ! Les deux ex partagent des explications pour clarifier une situation aussi inattendue que tendue. <\/p>\n<p>Tout le monde y croyait. Le public et les principaux int\u00e9ress\u00e9s. Lundi 16 juin, dans le dernier \u00e9pisode de<a href=\"https:\/\/www.programme-tv.net\/news\/tele-realite\/381211-maries-au-premier-regard-2025-quels-couples-sont-encore-ensemble-apres-le-bilan-sur-m6\/\" data-api-deeplink=\"teleloisirs:\/\/news\/381211\" target=\"_blank\" rel=\"noopener\"> la saison 9 de Mari\u00e9s au premier regard<\/a>, lors du bilan avec <a href=\"https:\/\/www.programme-tv.net\/biographie\/2380791-dossin-estelle\/\" data-link-people=\"5cf96b53-d73e-418a-ae47-458165086dd3\" target=\"_blank\" rel=\"noopener\">Estelle Dossin<\/a> et Marie Tapernoux, Cl\u00e9mence et Malik semblaient li\u00e9s comme jamais, pr\u00eats \u00e0 vivre leur amour \u00e0 100 % dans la vie quotidienne au-del\u00e0 de leur exp\u00e9rience sur M6. Face aux cam\u00e9ras, <b>ils racontaient s&rsquo;appr\u00eater \u00e0 s&rsquo;envoler vers l&rsquo;\u00cele Maurice<\/b> pour un voyage hors du temps loin du tumulte la main dans la main. Oui, tout le monde y croyait. N&rsquo;\u00e9tait-ce que de la t\u00e9l\u00e9vision ? Quelques jours apr\u00e8s, Cl\u00e9mence et Malik, contre toute attente, <a href=\"https:\/\/www.programme-tv.net\/news\/tele-realite\/381662-il-ne-se-battra-pas-pour-notre-couple-clemence-maries-au-premier-regard-annonce-sa-separation-avec-malik-apres-le-bilan\/\" data-api-deeplink=\"teleloisirs:\/\/news\/381662\" target=\"_blank\" rel=\"noopener\">ont annonc\u00e9 leur s\u00e9paration<\/a>. Une d\u00e9claration brutale qui en a estomaqu\u00e9 plus d&rsquo;un.<\/p>\n<p>\u00ab\u00a0Les \u00e9motions multipli\u00e9es par dix ou par vingt\u00a0\u00bb : la pression subie par Malik pendant Mari\u00e9s au premier regard 2025<\/p>\n<p>Sur les r\u00e9seaux sociaux, Cl\u00e9mence &#8211; <a href=\"https:\/\/www.programme-tv.net\/news\/tele-realite\/376901-je-pensais-que-ca-s-arretait-la-romain-revient-sur-le-jour-ou-il-a-dit-non-a-clemence-dans-maries-au-premier-regard\/\" data-api-deeplink=\"teleloisirs:\/\/news\/376901\" target=\"_blank\" rel=\"noopener\">qui avait d\u00e9j\u00e0 particip\u00e9 \u00e0 l&rsquo;\u00e9mission en 2024<\/a> &#8211; a voulu partager son ressenti et sa v\u00e9rit\u00e9. Elle a continu\u00e9 dans les pages du <a href=\"https:\/\/www.leparisien.fr\/culture-loisirs\/tv\/maries-au-premier-regard-clemence-et-malik-sexpliquent-apres-leur-tumultueuse-rupture-25-06-2025-QEY2SY22WRAFXE4Y7FOGTE7IOE.php\" target=\"_blank\" rel=\"noopener\">Parisien<\/a> ce mercredi 25 juin 2025. \u00ab\u00a0<b>Je n\u2019en pouvais plus de mentir \u00e0 tout le monde<\/b>, <a href=\"https:\/\/www.programme-tv.net\/news\/tele-realite\/381937-jai-perdu-beaucoup-de-poids-clemence-maries-au-premier-regard-2025-revele-les-consequences-de-sa-rupture-avec-malik-sur-sa-sante\/\" data-api-deeplink=\"teleloisirs:\/\/news\/381937\" target=\"_blank\" rel=\"noopener\">j\u2019ai perdu beaucoup de poids, cela se voit physiquement<\/a><a href=\"https:\/\/www.programme-tv.net\/news\/tele-realite\/381802-maries-au-premier-regard-clemence-revele-le-mensonge-de-malik-au-sujet-de-sa-nouvelle-relation\/\" data-api-deeplink=\"teleloisirs:\/\/news\/381802\" target=\"_blank\" rel=\"noopener\"> <\/a>et j\u2019ai voulu simplement raconter mon ressenti dans ce post. Apr\u00e8s le bilan, tout le monde me demandait o\u00f9 il \u00e9tait, donc je devais r\u00e9v\u00e9ler la v\u00e9rit\u00e9\u00a0\u00bb, s&rsquo;y confie-t-elle sans filtre. Malik, lui, y a \u00e9voqu\u00e9 \u00ab\u00a0une exp\u00e9rience folle dans laquelle on est port\u00e9 par ses \u00e9motions multipli\u00e9es par dix ou par vingt tout le long de l\u2019aventure\u00a0\u00bb. Celui-ci a assum\u00e9 sentir une pression parce que <a href=\"https:\/\/www.programme-tv.net\/news\/tele-realite\/381802-maries-au-premier-regard-clemence-revele-le-mensonge-de-malik-au-sujet-de-sa-nouvelle-relation\/\" data-api-deeplink=\"teleloisirs:\/\/news\/381802\" target=\"_blank\" rel=\"noopener\">Cl\u00e9mence<\/a>, entrepreneuse du Sud-Ouest, avait d\u00e9j\u00e0 affront\u00e9 un \u00ab\u00a0non\u00a0\u00bb dans Mari\u00e9s au premier regard. L&rsquo;incompr\u00e9hension a grandi, d\u00e8s lors, entre les deux participants, un d\u00e9calage s&rsquo;est immisc\u00e9 dans leur intimit\u00e9. Lui, aujourd&rsquo;hui, prend mal la d\u00e9marche de son ex de se livrer en ligne : \u00ab\u00a0<b>Je suis extr\u00eamement bless\u00e9. Tout s\u2019affiche publiquement<\/b>, je ne voulais pas en arriver l\u00e0, d\u00e9plore-t-il. J\u2019aurais pr\u00e9f\u00e9r\u00e9 en discuter avec Cl\u00e9mence, mettre un point final en face \u00e0 face avec elle. L\u00e0, j\u2019ai l\u2019impression d\u2019\u00eatre un paria et c\u2019est tr\u00e8s injuste.\u00a0\u00bb<\/p>\n<p>                        \u00ab\u00a0C\u2019est inacceptable\u00a0\u00bb : Cl\u00e9mence (MAPR 9) r\u00e9agit aux d\u00e9clarations de Malik apr\u00e8s les d\u00e9clarations sur les r\u00e9seaux sociaux<\/p>\n<p>Ce qui n&rsquo;a pas manqu\u00e9 de faire r\u00e9agir Cl\u00e9mence, comme elle continue de le raconter dans Le Parisien : \u00ab\u00a0Je ne veux pas de mal \u00e0 Malik. J\u2019ai appris qu\u2019il avait des messages de haine, c\u2019est inacceptable. <b>Je l\u2019ai eu au t\u00e9l\u00e9phone<\/b> et lui ai dit drapeau blanc ! Maintenant,<b> je veux passer \u00e0 autre chose<\/b>.\u00a0\u00bb La jeune femme \u00e9voque par la suite des projets professionnels et personnels et dit vouloir prot\u00e9ger son p\u00e8re de ces remous violents. \u00ab\u00a0Il faut aller de l\u2019avant. Il y a des belles choses \u00e0 venir\u00a0\u00bb, conclut-elle aupr\u00e8s de nos confr\u00e8res.<\/p>\n","protected":false},"excerpt":{"rendered":"Cl\u00e9mence et Malik, le seul couple form\u00e9 dans Mari\u00e9s au premier regard 2025 dont l&rsquo;histoire a perdur\u00e9 au-del\u00e0&hellip;\n","protected":false},"author":2,"featured_media":204267,"comment_status":"","ping_status":"","sticky":false,"template":"","format":"standard","meta":{"footnotes":""},"categories":[1586],"tags":[11,5636,244,1777,674,1779,1011,27,494,5637,5214,12,25,1778,364],"class_list":{"0":"post-204266","1":"post","2":"type-post","3":"status-publish","4":"format-standard","5":"has-post-thumbnail","7":"category-europe","8":"tag-actualites","9":"tag-clu00e9mence-mariu00e9s-au-premier-regard-8","10":"tag-commentaire","11":"tag-eu","12":"tag-europe","13":"tag-european-union","14":"tag-fr","15":"tag-france","16":"tag-m6","17":"tag-malik-mariu00e9s-au-premier-regard-9","18":"tag-mariu00e9s-au-premier-regard","19":"tag-news","20":"tag-republique-francaise","21":"tag-ue","22":"tag-union-europeenne"},"share_on_mastodon":{"url":"https:\/\/pubeurope.com\/@fr\/114746315544068915","error":""},"_links":{"self":[{"href":"https:\/\/www.europesays.com\/fr\/wp-json\/wp\/v2\/posts\/204266","targetHints":{"allow":["GET"]}}],"collection":[{"href":"https:\/\/www.europesays.com\/fr\/wp-json\/wp\/v2\/posts"}],"about":[{"href":"https:\/\/www.europesays.com\/fr\/wp-json\/wp\/v2\/types\/post"}],"author":[{"embeddable":true,"href":"https:\/\/www.europesays.com\/fr\/wp-json\/wp\/v2\/users\/2"}],"replies":[{"embeddable":true,"href":"https:\/\/www.europesays.com\/fr\/wp-json\/wp\/v2\/comments?post=204266"}],"version-history":[{"count":0,"href":"https:\/\/www.europesays.com\/fr\/wp-json\/wp\/v2\/posts\/204266\/revisions"}],"wp:featuredmedia":[{"embeddable":true,"href":"https:\/\/www.europesays.com\/fr\/wp-json\/wp\/v2\/media\/204267"}],"wp:attachment":[{"href":"https:\/\/www.europesays.com\/fr\/wp-json\/wp\/v2\/media?parent=204266"}],"wp:term":[{"taxonomy":"category","embeddable":true,"href":"https:\/\/www.europesays.com\/fr\/wp-json\/wp\/v2\/categories?post=204266"},{"taxonomy":"post_tag","embeddable":true,"href":"https:\/\/www.europesays.com\/fr\/wp-json\/wp\/v2\/tags?post=204266"}],"curies":[{"name":"wp","href":"https:\/\/api.w.org\/{rel}","templated":true}]}}