{"id":204268,"date":"2025-06-25T22:16:14","date_gmt":"2025-06-25T22:16:14","guid":{"rendered":"https:\/\/www.europesays.com\/fr\/204268\/"},"modified":"2025-06-25T22:16:14","modified_gmt":"2025-06-25T22:16:14","slug":"lhomme-qui-a-tue-un-medecin-devant-lecole-de-ses-enfants-ne-sera-pas-juge-2","status":"publish","type":"post","link":"https:\/\/www.europesays.com\/fr\/204268\/","title":{"rendered":"L\u2019homme qui a tu\u00e9 un m\u00e9decin devant l\u2019\u00e9cole de ses enfants ne sera pas jug\u00e9"},"content":{"rendered":"<p>Le meurtrier d\u2019Alban Gervaise, ce m\u00e9decin militaire <a href=\"https:\/\/www.20minutes.fr\/faits_divers\/3297799-20220527-marseille-poignarde-devant-enfants-desequilibre-medecin-militaire-decede\" class=\"color-ultramarine c-link\" rel=\"nofollow noopener\" target=\"_blank\">poignard\u00e9 \u00e0 mort en mai 2022<\/a> devant l\u2019\u00e9cole de ses enfants \u00e0 <a href=\"https:\/\/www.20minutes.fr\/magazine\/tendances-marseille-mag\/\" class=\"color-ultramarine c-link\" rel=\"nofollow noopener\" target=\"_blank\">Marseille<\/a>, ne sera pas jug\u00e9. <\/p>\n<p>La cour d\u2019appel d\u2019<a href=\"https:\/\/www.20minutes.fr\/dossier\/aix-provence\" class=\"color-ultramarine c-link\" rel=\"nofollow noopener\" target=\"_blank\">Aix-en-Provence<\/a> a estim\u00e9 mercredi que l\u2019auteur des faits, Mohamed L., souffrait au moment des faits d\u2019un trouble psychique abolissant son discernement, rendant toute proc\u00e9dure p\u00e9nale impossible, selon <a href=\"https:\/\/www.lefigaro.fr\/faits-divers\/meurtre-d-alban-gervaise-devant-une-ecole-catholique-a-marseille-l-agresseur-declare-penalement-irresponsable-20250625\" rel=\"nofollow noopener\" target=\"_blank\" class=\"color-ultramarine c-link\">des informations r\u00e9v\u00e9l\u00e9es par Le Figaro<\/a>.<\/p>\n<\/p>\n<p>Internement ordonn\u00e9<\/p>\n<p>L\u2019homme de 27 ans, de nationalit\u00e9 fran\u00e7aise, a \u00e9t\u00e9 d\u00e9clar\u00e9 p\u00e9nalement irresponsable et son hospitalisation compl\u00e8te en psychiatrie a \u00e9t\u00e9 ordonn\u00e9e. La <a href=\"https:\/\/www.20minutes.fr\/justice\/\" class=\"color-ultramarine c-link\" rel=\"nofollow noopener\" target=\"_blank\">justice<\/a> pr\u00e9cise \u00e9galement qu\u2019il lui est interdit d\u2019entrer en contact avec la famille de la victime pendant vingt ans, et de d\u00e9tenir une arme sur la m\u00eame dur\u00e9e.<\/p>\n<p>Le 10 mai 2022, <a href=\"https:\/\/www.20minutes.fr\/marseille\/4011978-20221126-marseille-hommage-alban-gervaise-tue-devant-ecole-enfants-mai\" class=\"color-ultramarine c-link\" rel=\"nofollow noopener\" target=\"_blank\">Alban Gervaise<\/a>, 41 ans, avait \u00e9t\u00e9 attaqu\u00e9 \u00e0 coups de couteau alors qu\u2019il venait chercher ses enfants \u00e0 l\u2019\u00e9cole priv\u00e9e S\u00e9vign\u00e9 (13e arrondissement). Malgr\u00e9 l&rsquo;intervention des secours et deux semaines de soins hospitaliers, il est d\u00e9c\u00e9d\u00e9 le 26 mai. Une attaque qui avait suscit\u00e9 une forte \u00e9motion \u00e0 Marseille et au sein du minist\u00e8re des Arm\u00e9es.<\/p>\n<p><a href=\"https:\/\/www.20minutes.fr\/marseille\/\" class=\"c-link c-btn c-btn--primary\" rel=\"nofollow noopener\" target=\"_blank\">Notre dossier sur Marseille<\/a>Des propos incoh\u00e9rents lors de son interpellation<\/p>\n<p>Devant les enqu\u00eateurs, Mohamed L. avait tenu des propos confus, affirmant avoir agi \u00ab au nom de Dieu \u00bb, puis \u00e9voquant \u00ab le diable \u00bb. <\/p>\n<p>La chambre de l\u2019instruction retient cependant sa responsabilit\u00e9 civile : il devra indemniser la famille d\u2019Alban Gervaise, notamment son \u00e9pouse et ses enfants, pour les pr\u00e9judices subis.<\/p>\n","protected":false},"excerpt":{"rendered":"Le meurtrier d\u2019Alban Gervaise, ce m\u00e9decin militaire poignard\u00e9 \u00e0 mort en mai 2022 devant l\u2019\u00e9cole de ses enfants&hellip;\n","protected":false},"author":2,"featured_media":204269,"comment_status":"","ping_status":"","sticky":false,"template":"","format":"standard","meta":{"footnotes":""},"categories":[2],"tags":[47,11,7404,6744,885,118,1011,27,303,884,12,883,882,25],"class_list":{"0":"post-204268","1":"post","2":"type-post","3":"status-publish","4":"format-standard","5":"has-post-thumbnail","7":"category-actualites","8":"tag-actualite","9":"tag-actualites","10":"tag-aix-en-provence","11":"tag-assassinat","12":"tag-bouches-du-rhone","13":"tag-faits-divers","14":"tag-fr","15":"tag-france","16":"tag-justice","17":"tag-marseille","18":"tag-news","19":"tag-paca","20":"tag-provence-alpes-cote-dazur","21":"tag-republique-francaise"},"share_on_mastodon":{"url":"https:\/\/pubeurope.com\/@fr\/114746319436697039","error":""},"_links":{"self":[{"href":"https:\/\/www.europesays.com\/fr\/wp-json\/wp\/v2\/posts\/204268","targetHints":{"allow":["GET"]}}],"collection":[{"href":"https:\/\/www.europesays.com\/fr\/wp-json\/wp\/v2\/posts"}],"about":[{"href":"https:\/\/www.europesays.com\/fr\/wp-json\/wp\/v2\/types\/post"}],"author":[{"embeddable":true,"href":"https:\/\/www.europesays.com\/fr\/wp-json\/wp\/v2\/users\/2"}],"replies":[{"embeddable":true,"href":"https:\/\/www.europesays.com\/fr\/wp-json\/wp\/v2\/comments?post=204268"}],"version-history":[{"count":0,"href":"https:\/\/www.europesays.com\/fr\/wp-json\/wp\/v2\/posts\/204268\/revisions"}],"wp:featuredmedia":[{"embeddable":true,"href":"https:\/\/www.europesays.com\/fr\/wp-json\/wp\/v2\/media\/204269"}],"wp:attachment":[{"href":"https:\/\/www.europesays.com\/fr\/wp-json\/wp\/v2\/media?parent=204268"}],"wp:term":[{"taxonomy":"category","embeddable":true,"href":"https:\/\/www.europesays.com\/fr\/wp-json\/wp\/v2\/categories?post=204268"},{"taxonomy":"post_tag","embeddable":true,"href":"https:\/\/www.europesays.com\/fr\/wp-json\/wp\/v2\/tags?post=204268"}],"curies":[{"name":"wp","href":"https:\/\/api.w.org\/{rel}","templated":true}]}}