{"id":204274,"date":"2025-06-25T22:21:14","date_gmt":"2025-06-25T22:21:14","guid":{"rendered":"https:\/\/www.europesays.com\/fr\/204274\/"},"modified":"2025-06-25T22:21:14","modified_gmt":"2025-06-25T22:21:14","slug":"rugby-a-xiii-les-dragons-catalans-signent-un-jeune-talonneur-dhull-fc-pour-un-mois","status":"publish","type":"post","link":"https:\/\/www.europesays.com\/fr\/204274\/","title":{"rendered":"Rugby \u00e0 XIII\u00a0: les Dragons Catalans signent un jeune talonneur d\u2019Hull FC pour un mois"},"content":{"rendered":"<p>\n                                                                Le talonneur anglais Denive Balmforth est arriv\u00e9 ce mercredi \u00e0 Perpignan.\n                            <\/p>\n<p>En manque de profondeur ces derni\u00e8res semaines \u00e0 cause des blessures et des suspendus (Garcia trois matches et Satae un match), les Dragons Catalans sont all\u00e9s chercher du renfort \u00e0 court terme. Avec seulement 18 joueurs officiels de Super League,\u00a0sans compter les jeunes de la r\u00e9serve, pour pr\u00e9parer la rencontre contre Huddersfield ce samedi (18\u00a0h\u00a030), l\u2019urgence commen\u00e7ait \u00e0 se faire ressentir, et notamment au poste de talonneur, o\u00f9 seul Alrix Da Costa est disponible.<\/p>\n<p>Ainsi, Joel Tomkins et la direction des Dragons Catalans ont r\u00e9ussi \u00e0 se faire pr\u00eater un jeune talon qui conna\u00eet la Super League. En effet, l&rsquo;Anglais d\u2019Hull FC, Denive Balmforth (21 ans, 1,80 m, 97 kg), est arriv\u00e9 ce mercredi \u00e0 Perpignan pour participer d\u00e8s ce jeudi \u00e0 sa premi\u00e8re s\u00e9ance d\u2019entra\u00eenement, en marge de la rencontre contre les Giants. Pour l\u2019heure, il\u00a0devrait rester un mois en Pays catalan et retourner\u00a0dans le Nord-Est de l\u2019Angleterre apr\u00e8s le d\u00e9placement des Dracs \u00e0 Wigan (25\u00a0juillet). Entre-temps, les Catalans affronteront donc les Giants ce samedi, Wakefield (5\u00a0juillet) de l\u2019autre c\u00f4t\u00e9 de la Manche, Warrington (12\u00a0juillet) et Hull KR (19\u00a0juillet) au stade Gilbert-Brutus.<\/p>\n<p>5 essais en 29 matches\u00a0<\/p>\n<p>Form\u00e9 \u00e0 Warrington, Balmforth a rejoint Hull FC en 2022 et effectu\u00e9 ses d\u00e9buts en Super League la m\u00eame ann\u00e9e. La saison suivante il avait \u00e9t\u00e9 envoy\u00e9 aux Swinton Lions en\u00a0Kingstone Press Championship. Cette ann\u00e9e, de retour avec Hull FC, le jeune Anglais a pris part \u00e0 8 matches de Super League, notamment lors des victoires des siens contre les Dragons (4-24 le 14\u00a0f\u00e9vrier et 0-34 le 31\u00a0mai), pour une titularisation \u00e0 domicile contre Wigan (d\u00e9faite 4-46). Sur l\u2019ensemble de sa carri\u00e8re, Denive Balmforth compte\u00a029 matches et 5 essais en\u00a0Super League.<\/p>\n","protected":false},"excerpt":{"rendered":"Le talonneur anglais Denive Balmforth est arriv\u00e9 ce mercredi \u00e0 Perpignan. En manque de profondeur ces derni\u00e8res semaines&hellip;\n","protected":false},"author":2,"featured_media":204275,"comment_status":"","ping_status":"","sticky":false,"template":"","format":"standard","meta":{"footnotes":""},"categories":[1416],"tags":[1011,27,479,1468,60],"class_list":{"0":"post-204274","1":"post","2":"type-post","3":"status-publish","4":"format-standard","5":"has-post-thumbnail","7":"category-rugby","8":"tag-fr","9":"tag-france","10":"tag-rugby","11":"tag-rugby-football","12":"tag-sports"},"share_on_mastodon":{"url":"https:\/\/pubeurope.com\/@fr\/114746339047246078","error":""},"_links":{"self":[{"href":"https:\/\/www.europesays.com\/fr\/wp-json\/wp\/v2\/posts\/204274","targetHints":{"allow":["GET"]}}],"collection":[{"href":"https:\/\/www.europesays.com\/fr\/wp-json\/wp\/v2\/posts"}],"about":[{"href":"https:\/\/www.europesays.com\/fr\/wp-json\/wp\/v2\/types\/post"}],"author":[{"embeddable":true,"href":"https:\/\/www.europesays.com\/fr\/wp-json\/wp\/v2\/users\/2"}],"replies":[{"embeddable":true,"href":"https:\/\/www.europesays.com\/fr\/wp-json\/wp\/v2\/comments?post=204274"}],"version-history":[{"count":0,"href":"https:\/\/www.europesays.com\/fr\/wp-json\/wp\/v2\/posts\/204274\/revisions"}],"wp:featuredmedia":[{"embeddable":true,"href":"https:\/\/www.europesays.com\/fr\/wp-json\/wp\/v2\/media\/204275"}],"wp:attachment":[{"href":"https:\/\/www.europesays.com\/fr\/wp-json\/wp\/v2\/media?parent=204274"}],"wp:term":[{"taxonomy":"category","embeddable":true,"href":"https:\/\/www.europesays.com\/fr\/wp-json\/wp\/v2\/categories?post=204274"},{"taxonomy":"post_tag","embeddable":true,"href":"https:\/\/www.europesays.com\/fr\/wp-json\/wp\/v2\/tags?post=204274"}],"curies":[{"name":"wp","href":"https:\/\/api.w.org\/{rel}","templated":true}]}}