{"id":204277,"date":"2025-06-25T22:24:11","date_gmt":"2025-06-25T22:24:11","guid":{"rendered":"https:\/\/www.europesays.com\/fr\/204277\/"},"modified":"2025-06-25T22:24:11","modified_gmt":"2025-06-25T22:24:11","slug":"franco-morbidelli-a-deja-les-yeux-rives-sur-la-troisieme-place-si-les-problemes-de-pecco-bagnaia-persistent-nous-devons-rever","status":"publish","type":"post","link":"https:\/\/www.europesays.com\/fr\/204277\/","title":{"rendered":"Franco Morbidelli a d\u00e9j\u00e0 les yeux riv\u00e9s sur la troisi\u00e8me place : \u00ab Si les probl\u00e8mes de Pecco Bagnaia persistent, nous devons r\u00eaver. \u00bb"},"content":{"rendered":"<p>Franco Morbidelli croit qu\u2019il se rapproche des leaders, bien qu\u2019il admette que les fr\u00e8res M\u00e1rquez sont actuellement \u00e0 un autre niveau de comp\u00e9titivit\u00e9.<\/p>\n<p>Interrog\u00e9 sur la possibilit\u00e9 de r\u00e9duire l\u2019\u00e9cart au classement, le pilote italien a r\u00e9pondu avec ambition : <\/p>\n<p>\u2013 Nous donnons le meilleur de nous-m\u00eames chaque semaine. Il est clair que les fr\u00e8res M\u00e1rquez ont mont\u00e9 d\u2019un cran. Nous devons r\u00eaver, essayer d\u2019atteindre notre meilleure forme et nous donner une chance de nous battre avec eux. En ce moment, nous travaillons bien, mais nous sommes encore loin. Il nous manque de l\u2019exp\u00e9rience \u00e0 travailler ensemble, mais nous construisons cela course apr\u00e8s course. J\u2019ai confiance que cela viendra bient\u00f4t.<\/p>\n<p>Cependant, Morbidelli a clairement indiqu\u00e9 qu\u2019il n\u2019est pas encore concentr\u00e9 sur un rival sp\u00e9cifique : \u2018Pour le moment, je ne consid\u00e8re pas de bataille avec qui que ce soit en particulier\u2019.<\/p>\n","protected":false},"excerpt":{"rendered":"Franco Morbidelli croit qu\u2019il se rapproche des leaders, bien qu\u2019il admette que les fr\u00e8res M\u00e1rquez sont actuellement \u00e0&hellip;\n","protected":false},"author":2,"featured_media":204278,"comment_status":"","ping_status":"","sticky":false,"template":"","format":"standard","meta":{"footnotes":""},"categories":[1413],"tags":[1011,27,18548,7985,1457,1456,1458,60],"class_list":{"0":"post-204277","1":"post","2":"type-post","3":"status-publish","4":"format-standard","5":"has-post-thumbnail","7":"category-moto","8":"tag-fr","9":"tag-france","10":"tag-francesco-bagnaia","11":"tag-franco-morbidelli","12":"tag-moto","13":"tag-motocycle","14":"tag-motogp","15":"tag-sports"},"share_on_mastodon":{"url":"https:\/\/pubeurope.com\/@fr\/114746350865856615","error":""},"_links":{"self":[{"href":"https:\/\/www.europesays.com\/fr\/wp-json\/wp\/v2\/posts\/204277","targetHints":{"allow":["GET"]}}],"collection":[{"href":"https:\/\/www.europesays.com\/fr\/wp-json\/wp\/v2\/posts"}],"about":[{"href":"https:\/\/www.europesays.com\/fr\/wp-json\/wp\/v2\/types\/post"}],"author":[{"embeddable":true,"href":"https:\/\/www.europesays.com\/fr\/wp-json\/wp\/v2\/users\/2"}],"replies":[{"embeddable":true,"href":"https:\/\/www.europesays.com\/fr\/wp-json\/wp\/v2\/comments?post=204277"}],"version-history":[{"count":0,"href":"https:\/\/www.europesays.com\/fr\/wp-json\/wp\/v2\/posts\/204277\/revisions"}],"wp:featuredmedia":[{"embeddable":true,"href":"https:\/\/www.europesays.com\/fr\/wp-json\/wp\/v2\/media\/204278"}],"wp:attachment":[{"href":"https:\/\/www.europesays.com\/fr\/wp-json\/wp\/v2\/media?parent=204277"}],"wp:term":[{"taxonomy":"category","embeddable":true,"href":"https:\/\/www.europesays.com\/fr\/wp-json\/wp\/v2\/categories?post=204277"},{"taxonomy":"post_tag","embeddable":true,"href":"https:\/\/www.europesays.com\/fr\/wp-json\/wp\/v2\/tags?post=204277"}],"curies":[{"name":"wp","href":"https:\/\/api.w.org\/{rel}","templated":true}]}}