{"id":20430,"date":"2025-04-12T19:39:09","date_gmt":"2025-04-12T19:39:09","guid":{"rendered":"https:\/\/www.europesays.com\/fr\/20430\/"},"modified":"2025-04-12T19:39:09","modified_gmt":"2025-04-12T19:39:09","slug":"lunion-europeenne-veut-taper-fort-sur-x-twitter-une-amende-dun-milliard-a-la-cle","status":"publish","type":"post","link":"https:\/\/www.europesays.com\/fr\/20430\/","title":{"rendered":"L\u2019Union europ\u00e9enne veut taper fort sur X\/Twitter, une amende d&rsquo;un milliard \u00e0 la cl\u00e9 ?"},"content":{"rendered":"<p>L\u2019Union europ\u00e9enne a X (anciennement Twitter) dans le collimateur. Selon plusieurs sources proches du dossier qui ont parl\u00e9 au New York Times, les r\u00e9gulateurs europ\u00e9ens comptent sanctionner la plateforme d\u2019Elon Musk pour ne pas avoir respect\u00e9 le Digital Services Act (DSA), un texte adopt\u00e9 pour forcer les g\u00e9ants du web \u00e0 mieux mod\u00e9rer leurs contenus et \u00e0 rendre leurs pratiques plus transparentes.<\/p>\n<p> Une amende sal\u00e9e en pr\u00e9paration pour Elon Musk <\/p>\n<p>L\u2019amende pourrait d\u00e9passer le milliard de dollars, du jamais vu depuis l\u2019entr\u00e9e en vigueur du DSA. Et ce n\u2019est pas tout\u00a0: en plus de la sanction financi\u00e8re, l\u2019UE compte exiger des changements concrets dans le fonctionnement de la plateforme. Rien n\u2019est encore officiel, mais l\u2019annonce pourrait tomber cet \u00e9t\u00e9.<\/p>\n<p>Le r\u00e9seau social est accus\u00e9 d\u2019avoir laiss\u00e9 filer de la d\u00e9sinformation, des propos haineux et d\u2019avoir \u00e9t\u00e9 trop opaque sur ses algorithmes, ses pubs ou encore son syst\u00e8me de v\u00e9rification des comptes. Bruxelles reproche aussi au r\u00e9seau social de ne pas avoir partag\u00e9 ses donn\u00e9es avec les chercheurs, ce qui complique fortement l\u2019\u00e9valuation de l\u2019impact de certains contenus.<\/p>\n<p>Interrog\u00e9e sur cette affaire, la Commission europ\u00e9enne a \u00e9vit\u00e9 de confirmer le montant de l\u2019amende, mais a rappel\u00e9 que \u00ab\u00a0les lois sont appliqu\u00e9es \u00e9quitablement \u00e0 toutes les entreprises\u00a0\u00bb.<\/p>\n<p>Elon Musk n\u2019est pas rest\u00e9 silencieux. Sur sa plateforme, il a d\u00e9nonc\u00e9 une attaque contre la \u00ab\u00a0libert\u00e9 d\u2019expression\u00a0\u00bb (reste \u00e0 savoir de quelle libert\u00e9 il parle r\u00e9ellement) et promis de se d\u00e9fendre bec et ongles. Il a m\u00eame \u00e9voqu\u00e9 un futur combat \u00ab\u00a0tr\u00e8s public devant les tribunaux\u00a0\u00bb. L\u2019homme d\u2019affaires, qui critique r\u00e9guli\u00e8rement la r\u00e9gulation europ\u00e9enne, pourrait bien se lancer dans un bras de fer muscl\u00e9.<\/p>\n<p>De l\u2019autre c\u00f4t\u00e9 de l\u2019Atlantique, certains voient dans cette enqu\u00eate une forme de pression politique. X est en effet consid\u00e9r\u00e9 comme proche de Donald Trump, et les tensions commerciales entre l\u2019UE et les \u00c9tats-Unis sont d\u00e9j\u00e0 vives. La Maison Blanche s\u2019est m\u00eame inqui\u00e9t\u00e9e, dans une note publi\u00e9e en f\u00e9vrier, que les lois europ\u00e9ennes comme le DSA ou le Digital Markets Act (DMA) ciblent de mani\u00e8re \u00ab\u00a0injuste\u00a0\u00bb les entreprises am\u00e9ricaines.<\/p>\n<p>Bruxelles assure que tout cela n\u2019a rien \u00e0 voir avec les discussions commerciales ou les pr\u00e9f\u00e9rences politiques d\u2019Elon Musk. Mais la co\u00efncidence tombe mal\u00a0: Trump vient de relancer une s\u00e9rie de taxes douani\u00e8res qui froissent d\u00e9j\u00e0 les Europ\u00e9ens.<\/p>\n<p>X pourrait encore n\u00e9gocier un accord avec l\u2019UE pour \u00e9viter le pire, mais une deuxi\u00e8me enqu\u00eate plus large est d\u00e9j\u00e0 en cours, avec potentiellement d\u2019autres sanctions \u00e0 la cl\u00e9. Dans tous les cas, cette affaire montre que l\u2019UE n\u2019a pas l\u2019intention de rel\u00e2cher la pression sur les grandes plateformes tech, peu importe \u00e0 qui elles appartiennent.<\/p>\n<blockquote>\n<p class=\"text-base text-neutral-700 dark:text-neutral-300\">\ud83d\udfe3 Pour ne manquer aucune news sur le Journal du Geek, abonnez-vous sur <a href=\"https:\/\/news.google.com\/publications\/CAAqBwgKMNr_hAswwYyCAw?hl=fr&amp;gl=FR&amp;ceid=FR%3Afr\" target=\"_blank\" rel=\"noopener\">Google Actualit\u00e9s<\/a> et sur <a href=\"https:\/\/whatsapp.com\/channel\/0029VaClM5y4tRry12tb7D2h\" target=\"_blank\" rel=\"noopener\">notre WhatsApp<\/a>. Et si vous nous adorez, on a <a href=\"https:\/\/www.journaldugeek.com\/newsletter\/\" target=\"_blank\" rel=\"noopener\">une newsletter tous les matins<\/a>.<\/p>\n<\/blockquote>\n","protected":false},"excerpt":{"rendered":"L\u2019Union europ\u00e9enne a X (anciennement Twitter) dans le collimateur. Selon plusieurs sources proches du dossier qui ont parl\u00e9&hellip;\n","protected":false},"author":2,"featured_media":20431,"comment_status":"","ping_status":"","sticky":false,"template":"","format":"standard","meta":{"footnotes":""},"categories":[1586],"tags":[11,46,1777,674,1779,1011,27,12,25,6814,1778,364],"class_list":{"0":"post-20430","1":"post","2":"type-post","3":"status-publish","4":"format-standard","5":"has-post-thumbnail","7":"category-europe","8":"tag-actualites","9":"tag-elon-musk","10":"tag-eu","11":"tag-europe","12":"tag-european-union","13":"tag-fr","14":"tag-france","15":"tag-news","16":"tag-republique-francaise","17":"tag-twitter","18":"tag-ue","19":"tag-union-europeenne"},"share_on_mastodon":{"url":"https:\/\/pubeurope.com\/@fr\/114326691056734007","error":""},"_links":{"self":[{"href":"https:\/\/www.europesays.com\/fr\/wp-json\/wp\/v2\/posts\/20430","targetHints":{"allow":["GET"]}}],"collection":[{"href":"https:\/\/www.europesays.com\/fr\/wp-json\/wp\/v2\/posts"}],"about":[{"href":"https:\/\/www.europesays.com\/fr\/wp-json\/wp\/v2\/types\/post"}],"author":[{"embeddable":true,"href":"https:\/\/www.europesays.com\/fr\/wp-json\/wp\/v2\/users\/2"}],"replies":[{"embeddable":true,"href":"https:\/\/www.europesays.com\/fr\/wp-json\/wp\/v2\/comments?post=20430"}],"version-history":[{"count":0,"href":"https:\/\/www.europesays.com\/fr\/wp-json\/wp\/v2\/posts\/20430\/revisions"}],"wp:featuredmedia":[{"embeddable":true,"href":"https:\/\/www.europesays.com\/fr\/wp-json\/wp\/v2\/media\/20431"}],"wp:attachment":[{"href":"https:\/\/www.europesays.com\/fr\/wp-json\/wp\/v2\/media?parent=20430"}],"wp:term":[{"taxonomy":"category","embeddable":true,"href":"https:\/\/www.europesays.com\/fr\/wp-json\/wp\/v2\/categories?post=20430"},{"taxonomy":"post_tag","embeddable":true,"href":"https:\/\/www.europesays.com\/fr\/wp-json\/wp\/v2\/tags?post=20430"}],"curies":[{"name":"wp","href":"https:\/\/api.w.org\/{rel}","templated":true}]}}