{"id":204300,"date":"2025-06-25T22:36:12","date_gmt":"2025-06-25T22:36:12","guid":{"rendered":"https:\/\/www.europesays.com\/fr\/204300\/"},"modified":"2025-06-25T22:36:12","modified_gmt":"2025-06-25T22:36:12","slug":"le-soleil-se-couche-sur-lempire-chalencon-avec-une-vente-napoleon-en-contrastre","status":"publish","type":"post","link":"https:\/\/www.europesays.com\/fr\/204300\/","title":{"rendered":"Le soleil se couche sur l\u2019empire Chalen\u00e7on avec une vente Napol\u00e9on en contrastre"},"content":{"rendered":"<p>Sotheby\u2019s qui vendait 112 objets confi\u00e9s par l\u2019homme qui se faisait appeler \u00ab l\u2019Empereur\u00a0\u00bb a rempli sa mission, en totalisant 8,7 millions d\u2019euros, dans la fourchette de l\u2019estimation. La vente, mercredi, comprend de belles surprises mais aussi des d\u00e9ceptions pressenties, notamment pour le Bicorne.<\/p>\n<p class=\"fig-paragraph\">Tous les yeux \u00e9taient braqu\u00e9s, mercredi, chez Sotheby\u2019s, au 83, Faubourg-Saint-Honor\u00e9, pour la vente \u00e0 risque de\u00a0<a href=\"http:\/\/www.lefigaro.fr\/culture\/encheres\/vente-de-l-impressionnante-collection-napoleonienne-de-pierre-jean-chalencon-la-fin-d-un-reve-d-empire-20250411\" data-fig-type=\"Article\" data-gtm-custom-categorie=\"navigation\" data-gtm-custom-action=\"crossclick\" data-gtm-custom-label=\"Contextuel\" data-gtm-event=\"customEventSPE\" data-fig-domain=\"LEFIGARO\" target=\"_blank\" rel=\"noopener\">la \u00ab\u00a0collection historique\u00a0\u00bb de Pierre-Jean Chalen\u00e7on,<\/a>\u00a0l\u2019homme \u00e0 la tignasse de Polnareff se faisant appeler \u00ab\u00a0l\u2019Empereur\u00a0\u00bb. Cette dispersion sonne la fin d\u2019un empire pour ce fou de Napol\u00e9on que l\u2019on sait tr\u00e8s endett\u00e9, m\u00eame s\u2019il a \u00e9chapp\u00e9 une nouvelle fois \u00e0 la mise aux ench\u00e8res de son\u00a0<a href=\"http:\/\/www.lefigaro.fr\/actualite-france\/saisi-par-la-justice-le-palais-de-vivienne-du-tres-endette-pierre-jean-chalencon-est-mis-aux-encheres-20240426\" data-fig-type=\"Article\" data-gtm-custom-categorie=\"navigation\" data-gtm-custom-action=\"crossclick\" data-gtm-custom-label=\"Contextuel\" data-gtm-event=\"customEventSPE\" data-fig-domain=\"LEFIGARO\" target=\"_blank\" rel=\"noopener\">palais Vivienne.\u00a0<\/a>\u00a0Le produit, 8,7 millions d\u2019euros (avec frais), dans la fourchette de l\u2019estimation entre 7 et 10 millions d\u2019euros, a rempli globalement ses esp\u00e9rances. La preuve que son audace a pay\u00e9 et qu\u2019il ne s\u2019est pas beaucoup tromp\u00e9. Ou, alors, en toute connaissance de cause.<\/p>\n<p class=\"fig-paragraph\">Le bicorne, pi\u00e8ce qui fait toujours le piquant d\u2019une vente napol\u00e9onienne, reste la grande interrogation.\u00a0Chalen\u00e7on l\u2019a-t-il acquis en pensant qu\u2019il \u00e9tait vrai ou faux\u00a0? Le march\u00e9 a tranch\u00e9. Les potentiels acheteurs se sont renseign\u00e9s sur cette pi\u00e8ce cens\u00e9e \u00eatre iconique, r\u00e9trograd\u00e9e dans son attribution\u2026<\/p>\n<p class=\"fig-premium-paywall__infos\">\n        Cet article est r\u00e9serv\u00e9 aux abonn\u00e9s.        Il vous reste 87% \u00e0 d\u00e9couvrir.\n    <\/p>\n<p>                <img  data- alt=\"Le Figaro\" class=\"fig-img--complete fig-img\"\/><\/p>\n<p class=\"fig-premium-paywall__title\">Vente Flash<\/p>\n<p class=\"fig-premium-paywall__subtitle\">3,99\u20ac par mois pendant 12 mois. Sans engagement.<\/p>\n<p class=\"fig-premium-paywall__connect\">\n                D\u00e9j\u00e0 abonn\u00e9\u00a0?                <a class=\"fig-premium-paywall__connect-link\" href=\"https:\/\/connect.lefigaro.fr\/login?client=horizon_web&amp;type=main&amp;redirect_uri=https%3A%2F%2Fwww.lefigaro.fr%2Fculture%2Fencheres%2Fle-soleil-se-couche-sur-l-empire-chalencon-avec-une-vente-napoleon-en-demi-teinte-20250625\" data-js-gtm=\"{&quot;customCategorie&quot;: &quot;conversion&quot;, &quot;customAction&quot;: &quot;before_Landing_Connexion_paywall_auto&quot;, &quot;customLabel&quot;: &quot;bGVmaWdhcm8uZnJfXzFmMDUxYWM3LWE3YzktNjM4YS1hZDE1LTc5NWI4NmQxZGIxMF9fQXJ0aWNsZQ==_Le soleil se couche sur l\u2019empire Chalen\u00e7on avec une vente Napol\u00e9on en contrastre_308&quot;, &quot;customIDSPE&quot;: &quot;bGVmaWdhcm8uZnJfXzFmMDUxYWM3LWE3YzktNjM4YS1hZDE1LTc5NWI4NmQxZGIxMF9fQXJ0aWNsZQ==&quot;, &quot;event&quot;: &quot;customEventSPE&quot;}\" target=\"_blank\" rel=\"noopener\"><br \/>\n                    Connectez-vous<br \/>\n                <\/a>\n            <\/p>\n","protected":false},"excerpt":{"rendered":"Sotheby\u2019s qui vendait 112 objets confi\u00e9s par l\u2019homme qui se faisait appeler \u00ab l\u2019Empereur\u00a0\u00bb a rempli sa mission,&hellip;\n","protected":false},"author":2,"featured_media":204301,"comment_status":"","ping_status":"","sticky":false,"template":"","format":"standard","meta":{"footnotes":""},"categories":[8],"tags":[14083,5417,22545,26897,58,13677,59,1011,27,8010,23977,26896,34317,26900,10709,13954,11542,26898,26899,7458],"class_list":{"0":"post-204300","1":"post","2":"type-post","3":"status-publish","4":"format-standard","5":"has-post-thumbnail","7":"category-divertissement","8":"tag-antiquites","9":"tag-bijoux","10":"tag-ceramiques","11":"tag-collections-privees","12":"tag-divertissement","13":"tag-encheres","14":"tag-entertainment","15":"tag-fr","16":"tag-france","17":"tag-meubles","18":"tag-napoleon","19":"tag-objets-dart","20":"tag-pierre-jean-chalencon","21":"tag-porcelaine","22":"tag-sculptures","23":"tag-sothebys","24":"tag-tableaux","25":"tag-timbres","26":"tag-vaisselles","27":"tag-vente-aux-encheres"},"share_on_mastodon":{"url":"https:\/\/pubeurope.com\/@fr\/114746399174450702","error":""},"_links":{"self":[{"href":"https:\/\/www.europesays.com\/fr\/wp-json\/wp\/v2\/posts\/204300","targetHints":{"allow":["GET"]}}],"collection":[{"href":"https:\/\/www.europesays.com\/fr\/wp-json\/wp\/v2\/posts"}],"about":[{"href":"https:\/\/www.europesays.com\/fr\/wp-json\/wp\/v2\/types\/post"}],"author":[{"embeddable":true,"href":"https:\/\/www.europesays.com\/fr\/wp-json\/wp\/v2\/users\/2"}],"replies":[{"embeddable":true,"href":"https:\/\/www.europesays.com\/fr\/wp-json\/wp\/v2\/comments?post=204300"}],"version-history":[{"count":0,"href":"https:\/\/www.europesays.com\/fr\/wp-json\/wp\/v2\/posts\/204300\/revisions"}],"wp:featuredmedia":[{"embeddable":true,"href":"https:\/\/www.europesays.com\/fr\/wp-json\/wp\/v2\/media\/204301"}],"wp:attachment":[{"href":"https:\/\/www.europesays.com\/fr\/wp-json\/wp\/v2\/media?parent=204300"}],"wp:term":[{"taxonomy":"category","embeddable":true,"href":"https:\/\/www.europesays.com\/fr\/wp-json\/wp\/v2\/categories?post=204300"},{"taxonomy":"post_tag","embeddable":true,"href":"https:\/\/www.europesays.com\/fr\/wp-json\/wp\/v2\/tags?post=204300"}],"curies":[{"name":"wp","href":"https:\/\/api.w.org\/{rel}","templated":true}]}}