{"id":204304,"date":"2025-06-25T22:38:12","date_gmt":"2025-06-25T22:38:12","guid":{"rendered":"https:\/\/www.europesays.com\/fr\/204304\/"},"modified":"2025-06-25T22:38:12","modified_gmt":"2025-06-25T22:38:12","slug":"pourquoi-lunion-europeenne-enquete-sur-le-rachat-des-chips-pringles-par-mars","status":"publish","type":"post","link":"https:\/\/www.europesays.com\/fr\/204304\/","title":{"rendered":"Pourquoi l\u2019Union europ\u00e9enne enqu\u00eate sur le rachat des chips Pringles par Mars"},"content":{"rendered":"<p>        <img decoding=\"async\" loading=\"lazy\" src=\"https:\/\/www.europesays.com\/fr\/wp-content\/uploads\/2025\/06\/0076eb0_upload-1-468wbnwg8a0c-000-33ec2ue.jpg\"  width=\"728\" height=\"409\" alt=\"Bruxelles a ouvert ce mercredi 25\u00a0juin une enqu\u00eate sur le rachat du groupe am\u00e9ricain Kellanova, propri\u00e9taire des chips\u00a0Pringles. \"\/>  <\/p>\n<p>DIRK WAEM \/ AFP<\/p>\n<p>Bruxelles a ouvert ce mercredi 25\u00a0juin une enqu\u00eate sur le rachat du groupe am\u00e9ricain Kellanova, propri\u00e9taire des chips\u00a0Pringles. <\/p>\n<p class=\"asset asset-text\">ALIMENTATION &#8211; Un trop gros monopole dans les snacks\u00a0? Bruxelles a ouvert ce mercredi 25\u00a0juin une enqu\u00eate sur le rachat du groupe am\u00e9ricain Kellanova, propri\u00e9taire des chips\u00a0Pringles, par son compatriote\u00a0<a href=\"https:\/\/www.huffingtonpost.fr\/actualites\/article\/mars-rappelle-ses-barres-les-bonbons-celebrations-et-ses-snickers_72492.html\" rel=\"nofollow noopener\" target=\"_blank\">Mars<\/a>, sp\u00e9cialiste des <a href=\"https:\/\/www.huffingtonpost.fr\/life\/article\/le-cote-obscur-de-la-barre-chocolatee-un-documentaire-choc-diffuse-sur-canal_15637.html\" rel=\"nofollow noopener\" target=\"_blank\">barres chocolat\u00e9es<\/a>, craignant des hausses de prix pour les consommateurs dans un contexte de forte inflation alimentaire.<\/p>\n<p class=\"asset asset-text\">L\u2019op\u00e9ration \u00e0 31\u00a0milliards d\u2019euros avait \u00e9t\u00e9 annonc\u00e9e en ao\u00fbt. \u00ab\u00a0En rachetant Kellanova, Mars ajoutera plusieurs marques tr\u00e8s populaires de\u00a0chips\u00a0et de c\u00e9r\u00e9ales \u00e0 un portefeuille de produits d\u00e9j\u00e0 large et solide\u00a0\u00bb, a d\u00e9clar\u00e9 la commissaire europ\u00e9enne \u00e0 la Concurrence, Teresa Ribera. Elle dit vouloir \u00ab\u00a0s\u2019assurer que cette acquisition n\u2019entra\u00eene pas une nouvelle hausse du co\u00fbt du panier de courses\u00a0\u00bb.<\/p>\n<p class=\"asset asset-text\">La Commission, gendarme de la concurrence dans l\u2019UE, craint que le groupe puisse accro\u00eetre de fa\u00e7on excessive son pouvoir vis-\u00e0-vis des distributeurs. \u00ab\u00a0Cette position renforc\u00e9e pourrait permettre \u00e0\u00a0Mars\u00a0d\u2019obtenir des prix plus \u00e9lev\u00e9s lors des n\u00e9gociations\u00a0\u00bb qui seraient r\u00e9percut\u00e9s sur les consommateurs.<\/p>\n<p>    <strong>Des distributeurs aussi inquiets<\/strong>    <\/p>\n<p class=\"asset asset-text\">Outre sa c\u00e9l\u00e8bre barre chocolat\u00e9e, le g\u00e9ant agroalimentaire produit aussi les Twix et Snickers, les bonbons au chocolat M&amp;Ms ou encore les aliments pour animaux Whiskas et Royal Canin. L\u2019acquisition de Kellanova lui permettrait de se diversifier dans les snacks sal\u00e9s.<\/p>\n<p class=\"asset asset-text\">Mars\u00a0r\u00e9alise d\u00e9j\u00e0 un chiffre d\u2019affaires annuel de plus de 50\u00a0milliards de dollars (43\u00a0milliards d\u2019euros) et emploie plus de 150\u00a0000 personnes dans le monde.<\/p>\n<p class=\"asset asset-text\">Les ventes de Kellanova, qui compte quelque 23\u00a0000 employ\u00e9s, s\u2019\u00e9l\u00e8vent \u00e0 environ 13\u00a0milliards de dollars (11,2 mds EUR). Le groupe est cot\u00e9 \u00e0 la bourse de New York contrairement \u00e0\u00a0Mars\u00a0qui est un groupe familial.<\/p>\n<p class=\"asset asset-text\">La Commission a d\u00e9sormais jusqu\u2019au 31\u00a0octobre pour prendre une d\u00e9cision. L\u2019ouverture de l\u2019enqu\u00eate ne pr\u00e9juge pas de cette d\u00e9cision. Elle peut autoriser ou interdire l\u2019op\u00e9ration, ou encore l\u2019approuver sous conditions, en r\u00e9clamant par exemple la cession de certaines activit\u00e9s.<\/p>\n<p class=\"asset asset-text\">Les deux entreprises d\u00e9tiennent \u00ab\u00a0une position de march\u00e9 forte sur plusieurs segments de produits dans de nombreux \u00c9tats membres\u00a0\u00bb, en partie gr\u00e2ce \u00e0 \u00ab\u00a0des marques consid\u00e9r\u00e9es comme incontournables\u00a0\u00bb pour les consommateurs, souligne la Commission. Plusieurs distributeurs ont exprim\u00e9 leur \u00ab\u00a0inqui\u00e9tude\u00a0\u00bb au sujet de ce rachat, pr\u00e9cise-t-elle.<\/p>\n","protected":false},"excerpt":{"rendered":"DIRK WAEM \/ AFP Bruxelles a ouvert ce mercredi 25\u00a0juin une enqu\u00eate sur le rachat du groupe am\u00e9ricain&hellip;\n","protected":false},"author":2,"featured_media":204305,"comment_status":"","ping_status":"","sticky":false,"template":"","format":"standard","meta":{"footnotes":""},"categories":[6],"tags":[258,35,33,34,1011,27,14,364],"class_list":{"0":"post-204304","1":"post","2":"type-post","3":"status-publish","4":"format-standard","5":"has-post-thumbnail","7":"category-economie","8":"tag-alimentation","9":"tag-business","10":"tag-economie","11":"tag-economy","12":"tag-fr","13":"tag-france","14":"tag-international","15":"tag-union-europeenne"},"share_on_mastodon":{"url":"","error":""},"_links":{"self":[{"href":"https:\/\/www.europesays.com\/fr\/wp-json\/wp\/v2\/posts\/204304","targetHints":{"allow":["GET"]}}],"collection":[{"href":"https:\/\/www.europesays.com\/fr\/wp-json\/wp\/v2\/posts"}],"about":[{"href":"https:\/\/www.europesays.com\/fr\/wp-json\/wp\/v2\/types\/post"}],"author":[{"embeddable":true,"href":"https:\/\/www.europesays.com\/fr\/wp-json\/wp\/v2\/users\/2"}],"replies":[{"embeddable":true,"href":"https:\/\/www.europesays.com\/fr\/wp-json\/wp\/v2\/comments?post=204304"}],"version-history":[{"count":0,"href":"https:\/\/www.europesays.com\/fr\/wp-json\/wp\/v2\/posts\/204304\/revisions"}],"wp:featuredmedia":[{"embeddable":true,"href":"https:\/\/www.europesays.com\/fr\/wp-json\/wp\/v2\/media\/204305"}],"wp:attachment":[{"href":"https:\/\/www.europesays.com\/fr\/wp-json\/wp\/v2\/media?parent=204304"}],"wp:term":[{"taxonomy":"category","embeddable":true,"href":"https:\/\/www.europesays.com\/fr\/wp-json\/wp\/v2\/categories?post=204304"},{"taxonomy":"post_tag","embeddable":true,"href":"https:\/\/www.europesays.com\/fr\/wp-json\/wp\/v2\/tags?post=204304"}],"curies":[{"name":"wp","href":"https:\/\/api.w.org\/{rel}","templated":true}]}}