{"id":204306,"date":"2025-06-25T22:39:09","date_gmt":"2025-06-25T22:39:09","guid":{"rendered":"https:\/\/www.europesays.com\/fr\/204306\/"},"modified":"2025-06-25T22:39:09","modified_gmt":"2025-06-25T22:39:09","slug":"ils-ont-opere-en-secret-un-chef-detat-major-israelien-affirme-que-des-commandos-terrestres-ont-agi-en-iran","status":"publish","type":"post","link":"https:\/\/www.europesays.com\/fr\/204306\/","title":{"rendered":"\u00ab\u00a0Ils ont op\u00e9r\u00e9 en secret\u00a0\u00bb\u00a0: un chef d\u2019\u00e9tat-major isra\u00e9lien affirme que des commandos terrestres ont agi en Iran"},"content":{"rendered":"<p>Saluant les succ\u00e8s de ses troupes en Iran, le chef d\u2019\u00e9tat-major isra\u00e9lien Eyal Zamir a d\u00e9clar\u00e9, mercredi 25 juin 2025, qu\u2019ils avaient \u00e9t\u00e9 obtenus par \u00ab nos forces a\u00e9riennes et commandos terrestres \u00bb, ajoutant que \u00ab ces forces ont op\u00e9r\u00e9 en secret au c\u0153ur du territoire ennemi et nous ont permis une libert\u00e9 op\u00e9rationnelle compl\u00e8te \u00bb.<\/p>\n<p>Eyal Zamir, qui s\u2019exprimait dans une vid\u00e9o diffus\u00e9e par l\u2019arm\u00e9e isra\u00e9lienne, est le premier \u00e0 dire publiquement que des soldats isra\u00e9liens ont particip\u00e9 \u00e0 <a href=\"https:\/\/www.letelegramme.fr\/recherche\/?keywords%5B%5D=conflit-israel-iran\" target=\"_blank\" rel=\"noopener\">la guerre en Iran<\/a> sur le territoire de la R\u00e9publique islamique.<\/p>\n<p>Dans cette vid\u00e9o, Eyal Zamir a, par ailleurs, d\u00e9clar\u00e9 que si cette op\u00e9ration \u00e9tait termin\u00e9e, \u00ab la campagne n\u2019est pas encore achev\u00e9e, nous devons rester vigilants, de nombreux d\u00e9fis nous attendent \u00bb.<\/p>\n","protected":false},"excerpt":{"rendered":"Saluant les succ\u00e8s de ses troupes en Iran, le chef d\u2019\u00e9tat-major isra\u00e9lien Eyal Zamir a d\u00e9clar\u00e9, mercredi 25&hellip;\n","protected":false},"author":2,"featured_media":204307,"comment_status":"","ping_status":"","sticky":false,"template":"","format":"standard","meta":{"footnotes":""},"categories":[5],"tags":[11,533,31122,765,1011,27,1146,14,664,74,12,28],"class_list":{"0":"post-204306","1":"post","2":"type-post","3":"status-publish","4":"format-standard","5":"has-post-thumbnail","7":"category-international","8":"tag-actualites","9":"tag-armee-de-terre","10":"tag-conflit-israel-iran","11":"tag-en-continu","12":"tag-fr","13":"tag-france","14":"tag-guerre","15":"tag-international","16":"tag-israel","17":"tag-monde","18":"tag-news","19":"tag-world"},"share_on_mastodon":{"url":"https:\/\/pubeurope.com\/@fr\/114746409877392303","error":""},"_links":{"self":[{"href":"https:\/\/www.europesays.com\/fr\/wp-json\/wp\/v2\/posts\/204306","targetHints":{"allow":["GET"]}}],"collection":[{"href":"https:\/\/www.europesays.com\/fr\/wp-json\/wp\/v2\/posts"}],"about":[{"href":"https:\/\/www.europesays.com\/fr\/wp-json\/wp\/v2\/types\/post"}],"author":[{"embeddable":true,"href":"https:\/\/www.europesays.com\/fr\/wp-json\/wp\/v2\/users\/2"}],"replies":[{"embeddable":true,"href":"https:\/\/www.europesays.com\/fr\/wp-json\/wp\/v2\/comments?post=204306"}],"version-history":[{"count":0,"href":"https:\/\/www.europesays.com\/fr\/wp-json\/wp\/v2\/posts\/204306\/revisions"}],"wp:featuredmedia":[{"embeddable":true,"href":"https:\/\/www.europesays.com\/fr\/wp-json\/wp\/v2\/media\/204307"}],"wp:attachment":[{"href":"https:\/\/www.europesays.com\/fr\/wp-json\/wp\/v2\/media?parent=204306"}],"wp:term":[{"taxonomy":"category","embeddable":true,"href":"https:\/\/www.europesays.com\/fr\/wp-json\/wp\/v2\/categories?post=204306"},{"taxonomy":"post_tag","embeddable":true,"href":"https:\/\/www.europesays.com\/fr\/wp-json\/wp\/v2\/tags?post=204306"}],"curies":[{"name":"wp","href":"https:\/\/api.w.org\/{rel}","templated":true}]}}