{"id":204308,"date":"2025-06-25T22:40:11","date_gmt":"2025-06-25T22:40:11","guid":{"rendered":"https:\/\/www.europesays.com\/fr\/204308\/"},"modified":"2025-06-25T22:40:11","modified_gmt":"2025-06-25T22:40:11","slug":"video-paris-les-images-impressionnantes-du-deluge-rtl-fr","status":"publish","type":"post","link":"https:\/\/www.europesays.com\/fr\/204308\/","title":{"rendered":"VID\u00c9O &#8211; Paris : les images impressionnantes du d\u00e9luge &#8211; RTL.fr"},"content":{"rendered":"<ol>\n<li><a href=\"https:\/\/news.google.com\/rss\/articles\/CBMilAFBVV95cUxQb1h6ME96cmFqNmFvYVNuaTFnbldzMkl4aDMxZm10cVFDa3dON3JwZ0dCTS1BWWdhUUtpRHNUbWVoanJMMHphbUthNUQ0VVVJY0xWRmRJUnNZbnh3MU1aXzBTNDhfbkxiUElYZ0xhUE1icG05NENIUmJVekxvclgxN29SWEdjalVLdTMxT001V29GWlBC?oc=5\" target=\"_blank\" rel=\"nofollow noopener\">VID\u00c9O &#8211; Paris : les images impressionnantes du d\u00e9luge<\/a>&nbsp;&nbsp;RTL.fr<\/li>\n<li><a href=\"https:\/\/news.google.com\/rss\/articles\/CBMi1wFBVV95cUxQU3Rrc3AzZk5Gc2t5NHl5NDdiSWV3QTJHXzJhUnkwZXBKb01Obnd6VU16YkFrOTdkZHM2S0dhYndwSjREUGQtRU1VN0N4QzJCQW9KYlNidDllVTB6V3VmSTFhelhuQnAydWpfVkhVcFFELUFiamhIZnVFQ3JwRGVuaTZqeHJOWEd6d2hjSWMxUkZ4N1JiT1Q5N1hHd0VuMmVxRk9Ia0IxZ193OE9OX3BLdnhOdUJZeGFuWE1tUHdrMFdLZm9FU182Xzc4dHl5SjRpYkRvSzVzZw?oc=5\" target=\"_blank\" rel=\"nofollow noopener\">Arbres couch\u00e9s, quais inond\u00e9s, rafales de vent \u00e0 90 km\/h&#8230; Les images du violent orage qui a frapp\u00e9 Paris<\/a>&nbsp;&nbsp;Le Figaro<\/li>\n<li><a href=\"https:\/\/news.google.com\/rss\/articles\/CBMi_wFBVV95cUxOazZFcVkySTZESHhic3BWRUVaRG1iMHJmcFpCUnlNQ1IwLW5zZm9NdnlyWEVvRlYwb2FLeTRHZnRqQ003akR2ZHowY0VnaFR0U3dmYlRNcF9WMEtPM1dkZHR5X2JXSjBSU2tGc1M3U05rUlJLWjN4dC1ZcTM5Vl9DeUxLMkIxdkVZM09pU2U4RHhSWFY4eS1ucTJZd0o4UTBBQkVjMHVOSW15SmRVOEw0UTdLeER1U0pueVA4OEdCV3RsQ2J1WFdRM0MwQ0I5MjdSRHlFWnMyYmxSQU1vdlFEeUVHandIbFMzUXlvZDNrTE9nOUcyTXlsVlI2OExsa00?oc=5\" target=\"_blank\" rel=\"nofollow noopener\">Violents orages : les images impressionnantes des d\u00e9g\u00e2ts \u00e0 Paris apr\u00e8s le passage de la temp\u00eate<\/a>&nbsp;&nbsp;Le Parisien<\/li>\n<li><a href=\"https:\/\/news.google.com\/rss\/articles\/CBMiowJBVV95cUxOSTd1TXBhSW41Qm80N1hLaEE5OE1BTTRncE1JZm5KUW41SGVjM1NkUGJwS2Q2cU13RjNkVlpRVUI0dTNsNk9mTW9sTUNMcE96dEtnR3diWnBBOXh6eFlvX1pBdnRDa0p1NnhhdUd6cEdKbGh3RnlzOW9MMEozU2N0eGUwaUpja3l3b0d3UEh2OU1zMmIxVENBOWx0Mm1Vek1nTTRIYnVoZGdYclBRYmx0bVgyX1p0Y1lKb3dpQTNkcXd5Vkp4Z1gwYTNkYUJPTy1abDZUWDJpVU81TlRlZnBoRHNfb3V4LXNhQlcwQmRfYUtTYndYcnJOZ3FoQV9uMWtaR0dkSVhtTzNWMHJLdUZxZFdydjFJcXl1MGRZUTNMaTBmYXM?oc=5\" target=\"_blank\" rel=\"nofollow noopener\">\u00ab\u00a0Un ph\u00e9nom\u00e8ne comme celui-ci est assez exceptionnel\u00a0\u00bb: de nombreuses \u00e9quipes mobilis\u00e9es pour enlever les arbres tomb\u00e9s dans Paris apr\u00e8s les orages<\/a>&nbsp;&nbsp;BFMTV<\/li>\n<li><a href=\"https:\/\/news.google.com\/rss\/articles\/CBMi9wFBVV95cUxQNGxvZEFmbHFydUN4bHdyTWZqLVRTb1cyMTV5RjR1M2xxbEJWQXJVcUVfLUJYRUlVbEV3QkVuSmJpWWl2bVAyRGtoOEhHSm03Tk84V19SOC1RaTlSNzhkZzNJMXJjV0RiU0g0STFrS2c5ZUVoMUZKTWtBLTFwXzRKTFA0WDJGTUtFWEpoVEtWM2hvc1FGb09uRjNLZnVlcjI1eVl0RVJyU2pmbFJBazFuUG9fakgydEpma1JhRktndlpSOThaRkJFS2V5LVlNWXVDR0JSVHlIYUJlN2Vzbk45bF9RQ3FmV1RSV0pHZ214NDZYN1N3MHpV?oc=5\" target=\"_blank\" rel=\"nofollow noopener\">Stations de m\u00e9tro inond\u00e9es, lignes de RER coup\u00e9es : les transports perturb\u00e9s en Ile-de-France apr\u00e8s le violent orage<\/a>&nbsp;&nbsp;francebleu.fr<\/li>\n<\/ol>\n","protected":false},"excerpt":{"rendered":"VID\u00c9O &#8211; Paris : les images impressionnantes du d\u00e9luge&nbsp;&nbsp;RTL.fr Arbres couch\u00e9s, quais inond\u00e9s, rafales de vent \u00e0 90&hellip;\n","protected":false},"author":2,"featured_media":204309,"comment_status":"","ping_status":"","sticky":false,"template":"","format":"standard","meta":{"footnotes":""},"categories":[4],"tags":[11,107,1011,27,2487,12,4594,626,25],"class_list":{"0":"post-204308","1":"post","2":"type-post","3":"status-publish","4":"format-standard","5":"has-post-thumbnail","7":"category-france","8":"tag-actualites","9":"tag-fil-info","10":"tag-fr","11":"tag-france","12":"tag-meteo","13":"tag-news","14":"tag-orages","15":"tag-paris","16":"tag-republique-francaise"},"share_on_mastodon":{"url":"https:\/\/pubeurope.com\/@fr\/114746413760270228","error":""},"_links":{"self":[{"href":"https:\/\/www.europesays.com\/fr\/wp-json\/wp\/v2\/posts\/204308","targetHints":{"allow":["GET"]}}],"collection":[{"href":"https:\/\/www.europesays.com\/fr\/wp-json\/wp\/v2\/posts"}],"about":[{"href":"https:\/\/www.europesays.com\/fr\/wp-json\/wp\/v2\/types\/post"}],"author":[{"embeddable":true,"href":"https:\/\/www.europesays.com\/fr\/wp-json\/wp\/v2\/users\/2"}],"replies":[{"embeddable":true,"href":"https:\/\/www.europesays.com\/fr\/wp-json\/wp\/v2\/comments?post=204308"}],"version-history":[{"count":0,"href":"https:\/\/www.europesays.com\/fr\/wp-json\/wp\/v2\/posts\/204308\/revisions"}],"wp:featuredmedia":[{"embeddable":true,"href":"https:\/\/www.europesays.com\/fr\/wp-json\/wp\/v2\/media\/204309"}],"wp:attachment":[{"href":"https:\/\/www.europesays.com\/fr\/wp-json\/wp\/v2\/media?parent=204308"}],"wp:term":[{"taxonomy":"category","embeddable":true,"href":"https:\/\/www.europesays.com\/fr\/wp-json\/wp\/v2\/categories?post=204308"},{"taxonomy":"post_tag","embeddable":true,"href":"https:\/\/www.europesays.com\/fr\/wp-json\/wp\/v2\/tags?post=204308"}],"curies":[{"name":"wp","href":"https:\/\/api.w.org\/{rel}","templated":true}]}}