{"id":204311,"date":"2025-06-25T22:42:10","date_gmt":"2025-06-25T22:42:10","guid":{"rendered":"https:\/\/www.europesays.com\/fr\/204311\/"},"modified":"2025-06-25T22:42:10","modified_gmt":"2025-06-25T22:42:10","slug":"la-metropole-stephanoise-joue-au-pere-noel-85-millions-distribues","status":"publish","type":"post","link":"https:\/\/www.europesays.com\/fr\/204311\/","title":{"rendered":"LA M\u00c9TROPOLE ST\u00c9PHANOISE JOUE AU P\u00c8RE NO\u00cbL : 85 MILLIONS DISTRIBU\u00c9S"},"content":{"rendered":"<p>Leur mission ? Sauver l\u2019\u00e9conomie locale \u00e0 grands renforts de millions d\u2019euros, histoire de prouver que l\u2019argent public peut faire des miracles quand on sait s\u2019en servir. L\u2019initiative, baptis\u00e9e pompeusement \u00ab\u00a0Plan de relance m\u00e9tropolitain\u00a0\u00bb, ressemble \u00e0 un grand Monopoly grandeur nature o\u00f9 chaque commune pioche sa part du g\u00e2teau pour construire ses petits r\u00eaves en dur.<\/p>\n<p>Comme des enfants dans un magasin de jouets, les 53 communes du territoire se sont ru\u00e9es sur l\u2019enveloppe magique pour concr\u00e9tiser leurs fantasmes d\u2019am\u00e9nagement. Au menu de cette orgie de b\u00e9ton et d\u2019\u00e9quipements : terrains de sport flambant neufs, \u00e9coles repeintes de frais, cr\u00e8ches dernier cri et lampadaires futuristes. Les \u00e9lus locaux ont ainsi pu jouer aux architectes en herbe, transformant leurs fiefs en chantiers permanents, pour le plus grand bonheur des entreprises du BTP qui ont vu d\u00e9filer les commandes comme jamais.<\/p>\n<p>L\u2019effet multiplicateur ou l\u2019art de faire fructifier l\u2019argent public<\/p>\n<p>Les math\u00e9maticiens de la M\u00e9tropole ont d\u00e9couvert une formule magique digne d\u2019un cours d\u2019\u00e9conomie : un euro m\u00e9tropolitain g\u00e9n\u00e8re miraculeusement 2,50 euros d\u2019investissement total sur le territoire. Cette alchimie financi\u00e8re a permis de transformer 85 millions d\u2019euros de subventions en 208 millions d\u2019euros de travaux. Nora Berroukeche, vice-pr\u00e9sidente charg\u00e9e de l\u2019\u00e9conomie, pr\u00e9sente cette \u00e9quation comme la d\u00e9couverte du si\u00e8cle, oubliant sans doute que multiplier l\u2019argent public reste plus facile que de le cr\u00e9er.<\/p>\n<p>Initialement pr\u00e9vu sur trois petites ann\u00e9es (2021-2023), le dispositif a b\u00e9n\u00e9fici\u00e9 d\u2019une rallonge de six mois, histoire de ne laisser aucune commune sur le carreau. Comme un bon feuilleton t\u00e9l\u00e9vis\u00e9, le Plan de relance a eu droit \u00e0 sa saison suppl\u00e9mentaire pour satisfaire tous ses fans.<\/p>\n<p>Chaque commune pouvait pr\u00e9senter son casting de trois projets maximum, avec un budget plafonn\u00e9 \u00e0 3 millions d\u2019euros, condition d\u2019apporter sa propre participation financi\u00e8re. Une sorte de \u00ab\u00a0qui veut gagner des millions\u00a0\u00bb version municipale.<\/p>\n<p>Clash avec le BTP : quand les chiffres r\u00e9pondent aux critiques<\/p>\n<p>Sylvie Fayolle, pr\u00e9sidente par int\u00e9rim, a profit\u00e9 de ce bilan triomphal pour r\u00e9gler ses comptes avec les r\u00e2leurs du secteur du b\u00e2timent. Face aux accusations de commande publique en berne, elle a sorti l\u2019artillerie lourde des statistiques, brandissant les 161 millions d\u2019euros d\u2019investissements 2024 comme une arme de destruction massive contre les critiques.<\/p>\n<p>Un r\u00e8glement de comptes digne d\u2019un western, o\u00f9 les milliards remplacent les revolvers et les communiqu\u00e9s de presse font office de balles.<\/p>\n<p>Jean-Claude Flachat, maire de La Valla-en-Gier, s\u2019est improvis\u00e9 t\u00e9moin star de cette success-story. Sa maison partag\u00e9e pour seniors, v\u00e9ritable fiert\u00e9 communale avec ses huit logements, aurait g\u00e9n\u00e9r\u00e9 trois emplois directs et dop\u00e9 temporairement une entreprise de ma\u00e7onnerie locale.<\/p>\n<p>Un exemple touchant qui prouve que m\u00eame les petites communes peuvent jouer dans la cour des grands quand la M\u00e9tropole ouvre les cordons de la bourse.<\/p>\n<p>Rendez-vous au prochain mandat pour un nouveau tour de piste<\/p>\n<p>Gris\u00e9e par ce succ\u00e8s retentissant, l\u2019\u00e9quipe dirigeante envisage d\u00e9j\u00e0 la suite. Sylvie Fayolle a d\u2019ores et d\u00e9j\u00e0 sugg\u00e9r\u00e9 de remettre le couvert lors du prochain mandat, sous une forme qui reste \u00e0 d\u00e9finir mais avec la m\u00eame g\u00e9n\u00e9rosit\u00e9 d\u00e9bordante.<\/p>\n<p>Car apr\u00e8s tout, pourquoi s\u2019arr\u00eater en si bon chemin quand on a d\u00e9couvert la recette miracle pour faire pleuvoir les millions sur son territoire ?<\/p>\n","protected":false},"excerpt":{"rendered":"Leur mission ? Sauver l\u2019\u00e9conomie locale \u00e0 grands renforts de millions d\u2019euros, histoire de prouver que l\u2019argent public&hellip;\n","protected":false},"author":2,"featured_media":204312,"comment_status":"","ping_status":"","sticky":false,"template":"","format":"standard","meta":{"footnotes":""},"categories":[9653],"tags":[1111,11,2430,33,1777,674,1011,27,3367,12,25,4001],"class_list":{"0":"post-204311","1":"post","2":"type-post","3":"status-publish","4":"format-standard","5":"has-post-thumbnail","7":"category-saint-etienne","8":"tag-actu","9":"tag-actualites","10":"tag-auvergne-rhone-alpes","11":"tag-economie","12":"tag-eu","13":"tag-europe","14":"tag-fr","15":"tag-france","16":"tag-loire","17":"tag-news","18":"tag-republique-francaise","19":"tag-saint-etienne"},"share_on_mastodon":{"url":"https:\/\/pubeurope.com\/@fr\/114746421643384639","error":""},"_links":{"self":[{"href":"https:\/\/www.europesays.com\/fr\/wp-json\/wp\/v2\/posts\/204311","targetHints":{"allow":["GET"]}}],"collection":[{"href":"https:\/\/www.europesays.com\/fr\/wp-json\/wp\/v2\/posts"}],"about":[{"href":"https:\/\/www.europesays.com\/fr\/wp-json\/wp\/v2\/types\/post"}],"author":[{"embeddable":true,"href":"https:\/\/www.europesays.com\/fr\/wp-json\/wp\/v2\/users\/2"}],"replies":[{"embeddable":true,"href":"https:\/\/www.europesays.com\/fr\/wp-json\/wp\/v2\/comments?post=204311"}],"version-history":[{"count":0,"href":"https:\/\/www.europesays.com\/fr\/wp-json\/wp\/v2\/posts\/204311\/revisions"}],"wp:featuredmedia":[{"embeddable":true,"href":"https:\/\/www.europesays.com\/fr\/wp-json\/wp\/v2\/media\/204312"}],"wp:attachment":[{"href":"https:\/\/www.europesays.com\/fr\/wp-json\/wp\/v2\/media?parent=204311"}],"wp:term":[{"taxonomy":"category","embeddable":true,"href":"https:\/\/www.europesays.com\/fr\/wp-json\/wp\/v2\/categories?post=204311"},{"taxonomy":"post_tag","embeddable":true,"href":"https:\/\/www.europesays.com\/fr\/wp-json\/wp\/v2\/tags?post=204311"}],"curies":[{"name":"wp","href":"https:\/\/api.w.org\/{rel}","templated":true}]}}