{"id":204313,"date":"2025-06-25T22:43:21","date_gmt":"2025-06-25T22:43:21","guid":{"rendered":"https:\/\/www.europesays.com\/fr\/204313\/"},"modified":"2025-06-25T22:43:21","modified_gmt":"2025-06-25T22:43:21","slug":"la-retrogradation-de-lol-pourrait-elle-sauver-lasse","status":"publish","type":"post","link":"https:\/\/www.europesays.com\/fr\/204313\/","title":{"rendered":"la r\u00e9trogradation de l&rsquo;OL pourrait-elle sauver l\u2019ASSE\u00a0?"},"content":{"rendered":"<p>Apr\u00e8s le s\u00e9isme de ce mardi soir, la question m\u00e9rite \u00e9videmment d\u2019\u00eatre pos\u00e9e. Bien que la situation de l\u2019OL ne soit pas fig\u00e9e puisque le club rhodanien compte d\u2019ores et d\u00e9j\u00e0 faire appel de sa r\u00e9trogradation administrative en Ligue 2.<\/p>\n<p>Pourtant, comment s\u2019imaginer que <a href=\"https:\/\/www.leprogres.fr\/p\/john-textor\" target=\"_blank\" rel=\"noopener\">John Textor<\/a> et son \u00e9quipe renversent en une semaine la situation, alors qu\u2019ils ne l\u2019ont pas fait en sept mois\u00a0? Soit depuis le 15\u00a0novembre 2024, date \u00e0 laquelle la direction nationale de contr\u00f4le de gestion (DNCG) de la Ligue de football professionnel (LFP) a annonc\u00e9 une rel\u00e9gation en Ligue 2 \u00e0 titre conservatoire de l\u2019OL.<\/p>\n<p><strong>&gt;&gt;\u00a0<a href=\"https:\/\/www.leprogres.fr\/sport\/2025\/06\/25\/pourquoi-la-dncg-a-decide-de-retrograder-l-ol-en-ligue-2\" target=\"_blank\" rel=\"noopener\">Pourquoi la DNCG a d\u00e9cid\u00e9 de r\u00e9trograder l\u2019OL en Ligue 2<\/a><\/strong><\/p>\n<p>Ce mardi, la rel\u00e9gation s\u2019est concr\u00e9tis\u00e9e et l\u2019OL pourrait bien voir son nom figurer sur les calendriers&#8230;<\/p>\n","protected":false},"excerpt":{"rendered":"Apr\u00e8s le s\u00e9isme de ce mardi soir, la question m\u00e9rite \u00e9videmment d\u2019\u00eatre pos\u00e9e. Bien que la situation de&hellip;\n","protected":false},"author":2,"featured_media":204314,"comment_status":"","ping_status":"","sticky":false,"template":"","format":"standard","meta":{"footnotes":""},"categories":[9653],"tags":[1111,11,4000,2430,7539,1777,674,107,63,1011,27,4002,3367,12,2755,25,4001,7538,517],"class_list":{"0":"post-204313","1":"post","2":"type-post","3":"status-publish","4":"format-standard","5":"has-post-thumbnail","7":"category-saint-etienne","8":"tag-actu","9":"tag-actualites","10":"tag-asse-as-saint-etienne-football","11":"tag-auvergne-rhone-alpes","12":"tag-edition-loire-sud","13":"tag-eu","14":"tag-europe","15":"tag-fil-info","16":"tag-football","17":"tag-fr","18":"tag-france","19":"tag-haute-loire","20":"tag-loire","21":"tag-news","22":"tag-ol-olympique-lyonnais-football","23":"tag-republique-francaise","24":"tag-saint-etienne","25":"tag-saint-etienne-ville","26":"tag-sport"},"share_on_mastodon":{"url":"https:\/\/pubeurope.com\/@fr\/114746425629469040","error":""},"_links":{"self":[{"href":"https:\/\/www.europesays.com\/fr\/wp-json\/wp\/v2\/posts\/204313","targetHints":{"allow":["GET"]}}],"collection":[{"href":"https:\/\/www.europesays.com\/fr\/wp-json\/wp\/v2\/posts"}],"about":[{"href":"https:\/\/www.europesays.com\/fr\/wp-json\/wp\/v2\/types\/post"}],"author":[{"embeddable":true,"href":"https:\/\/www.europesays.com\/fr\/wp-json\/wp\/v2\/users\/2"}],"replies":[{"embeddable":true,"href":"https:\/\/www.europesays.com\/fr\/wp-json\/wp\/v2\/comments?post=204313"}],"version-history":[{"count":0,"href":"https:\/\/www.europesays.com\/fr\/wp-json\/wp\/v2\/posts\/204313\/revisions"}],"wp:featuredmedia":[{"embeddable":true,"href":"https:\/\/www.europesays.com\/fr\/wp-json\/wp\/v2\/media\/204314"}],"wp:attachment":[{"href":"https:\/\/www.europesays.com\/fr\/wp-json\/wp\/v2\/media?parent=204313"}],"wp:term":[{"taxonomy":"category","embeddable":true,"href":"https:\/\/www.europesays.com\/fr\/wp-json\/wp\/v2\/categories?post=204313"},{"taxonomy":"post_tag","embeddable":true,"href":"https:\/\/www.europesays.com\/fr\/wp-json\/wp\/v2\/tags?post=204313"}],"curies":[{"name":"wp","href":"https:\/\/api.w.org\/{rel}","templated":true}]}}