{"id":204315,"date":"2025-06-25T22:44:14","date_gmt":"2025-06-25T22:44:14","guid":{"rendered":"https:\/\/www.europesays.com\/fr\/204315\/"},"modified":"2025-06-25T22:44:14","modified_gmt":"2025-06-25T22:44:14","slug":"fermeture-anticipee-des-parcs-jardins-et-dune-guinguette","status":"publish","type":"post","link":"https:\/\/www.europesays.com\/fr\/204315\/","title":{"rendered":"fermeture anticip\u00e9e des parcs, jardins et d&rsquo;une guinguette"},"content":{"rendered":"<p>            Par<br \/>\n        <strong><br \/>\n            <a href=\"https:\/\/actu.fr\/auteur\/amandine-mehl\" title=\"Consulter tous les articles de Amandine Mehl\" rel=\"nofollow noopener\" target=\"_blank\">Amandine Mehl<\/a><br \/>\n        <\/strong><\/p>\n<p>        Publi\u00e9 le<\/p>\n<p>            25 juin 2025 \u00e0 17h42        <\/p>\n<p>Alors que les <a href=\"https:\/\/actu.fr\/grand-est\/nancy_54395\/nancy-les-parcs-et-jardins-ouvriront-plus-tard-que-d-habitude-jeudi-voici-pourquoi_62823676.html\" rel=\"nofollow noopener\" target=\"_blank\">parcs et jardins ouvriront plus tard<\/a> que d\u2019habitude jeudi 26 juin 2025 \u00e0 <strong>Nancy<\/strong>, la mairie vient d\u2019annoncer qu\u2019ils <strong>fermeront \u00e9galement plus t\u00f4t<\/strong> ce mercredi 25 juin en raison des violents orages attendus.<\/p>\n<p class=\" wall-content\">Via un communiqu\u00e9 de presse, elle indique qu\u2019ils <strong>fermeront \u00e0 22h<\/strong>. La <a href=\"https:\/\/actu.fr\/grand-est\/nancy_54395\/nouveaute-horaires-lieux-voici-tout-ce-qu-il-faut-savoir-sur-le-retour-des-guinguettes-cet-ete-a-nancy_62732405.html\" rel=\"nofollow noopener\" target=\"_blank\">guinguette<\/a> de la <a href=\"https:\/\/actu.fr\/grand-est\/nancy_54395\/la-plage-des-deux-rives-revient-cet-ete-a-nancy-ce-qu-il-faut-savoir-de-l-edition-2025_62587188.html\" rel=\"nofollow noopener\" target=\"_blank\">Plage des Deux Rives<\/a> fermera elle aussi plus t\u00f4t, soit \u00e0 22h.<\/p>\n<p>De violents orages attendus \u00e0 Nancy<\/p>\n<p class=\" wall-content\">Ces d\u00e9cisions interviennent apr\u00e8s le passage de <a href=\"https:\/\/actu.fr\/meteo\/orages-la-lorraine-en-vigilance-orange-l-episode-pourrait-etre-vraiment-intense-localement_62825148.html\" rel=\"nofollow noopener\" target=\"_blank\">la Lorraine en vigilance orange<\/a> orages par M\u00e9t\u00e9o France.\u00a0<\/p>\n<p class=\" wall-content\">Des <strong>rafales pouvant d\u00e9passer les 100 km\/h<\/strong> sont attendues ainsi que l\u2019<strong>\u00e9quivalent de trois semaines d\u2019intemp\u00e9ries en l\u2019espace d\u2019une heure<\/strong>. On note aussi un <strong>risque de gr\u00eale<\/strong> localement.<\/p>\n<p class=\" wall-content\">Suivez toute l\u2019actualit\u00e9 de vos villes et m\u00e9dias favoris en vous inscrivant \u00e0 <a href=\"https:\/\/moncompte.actu.fr\" title=\"D\u00e9couvez Mon Actu\" rel=\"nofollow noopener\" data-trk=\"{&quot;cta&quot;:{&quot;action&quot;:&quot;https:\\\/\\\/moncompte.actu.fr&quot;,&quot;category&quot;:&quot;mon compte&quot;,&quot;from&quot;:&quot;article footer&quot;,&quot;name&quot;:&quot;Mon actu&quot;,&quot;type&quot;:&quot;cta&quot;}}\" target=\"_blank\">Mon Actu<\/a>.<\/p>\n","protected":false},"excerpt":{"rendered":"Par Amandine Mehl Publi\u00e9 le 25 juin 2025 \u00e0 17h42 Alors que les parcs et jardins ouvriront plus&hellip;\n","protected":false},"author":2,"featured_media":204316,"comment_status":"","ping_status":"","sticky":false,"template":"","format":"standard","meta":{"footnotes":""},"categories":[9635],"tags":[1111,11,1777,674,1011,27,775,1702,12,4594,25,104],"class_list":{"0":"post-204315","1":"post","2":"type-post","3":"status-publish","4":"format-standard","5":"has-post-thumbnail","7":"category-nancy","8":"tag-actu","9":"tag-actualites","10":"tag-eu","11":"tag-europe","12":"tag-fr","13":"tag-france","14":"tag-grand-est","15":"tag-nancy","16":"tag-news","17":"tag-orages","18":"tag-republique-francaise","19":"tag-societe"},"share_on_mastodon":{"url":"https:\/\/pubeurope.com\/@fr\/114746429507657431","error":""},"_links":{"self":[{"href":"https:\/\/www.europesays.com\/fr\/wp-json\/wp\/v2\/posts\/204315","targetHints":{"allow":["GET"]}}],"collection":[{"href":"https:\/\/www.europesays.com\/fr\/wp-json\/wp\/v2\/posts"}],"about":[{"href":"https:\/\/www.europesays.com\/fr\/wp-json\/wp\/v2\/types\/post"}],"author":[{"embeddable":true,"href":"https:\/\/www.europesays.com\/fr\/wp-json\/wp\/v2\/users\/2"}],"replies":[{"embeddable":true,"href":"https:\/\/www.europesays.com\/fr\/wp-json\/wp\/v2\/comments?post=204315"}],"version-history":[{"count":0,"href":"https:\/\/www.europesays.com\/fr\/wp-json\/wp\/v2\/posts\/204315\/revisions"}],"wp:featuredmedia":[{"embeddable":true,"href":"https:\/\/www.europesays.com\/fr\/wp-json\/wp\/v2\/media\/204316"}],"wp:attachment":[{"href":"https:\/\/www.europesays.com\/fr\/wp-json\/wp\/v2\/media?parent=204315"}],"wp:term":[{"taxonomy":"category","embeddable":true,"href":"https:\/\/www.europesays.com\/fr\/wp-json\/wp\/v2\/categories?post=204315"},{"taxonomy":"post_tag","embeddable":true,"href":"https:\/\/www.europesays.com\/fr\/wp-json\/wp\/v2\/tags?post=204315"}],"curies":[{"name":"wp","href":"https:\/\/api.w.org\/{rel}","templated":true}]}}