{"id":204317,"date":"2025-06-25T22:45:47","date_gmt":"2025-06-25T22:45:47","guid":{"rendered":"https:\/\/www.europesays.com\/fr\/204317\/"},"modified":"2025-06-25T22:45:47","modified_gmt":"2025-06-25T22:45:47","slug":"regional-1-mattheo-guendez-ssep-hombourg-haut-vers-las-nancy-lorraine","status":"publish","type":"post","link":"https:\/\/www.europesays.com\/fr\/204317\/","title":{"rendered":"R\u00e9gional 1. Matth\u00e9o Guendez (SSEP Hombourg-Haut) vers l\u2019AS Nancy-Lorraine"},"content":{"rendered":"<p>Pas conserv\u00e9 par le FC Metz \u00e0 l\u2019issue de la saison 2023-2024, Matth\u00e9o Guendez va avoir une seconde chance d\u2019\u00e9voluer dans un club professionnel. R\u00e9v\u00e9lation du championnat de R\u00e9gional 1 avec 22 buts \u2013 <a href=\"https:\/\/www.republicain-lorrain.fr\/sport\/2025\/05\/19\/mattheo-guendez-serial-buteur\" target=\"_blank\" rel=\"noopener\">dont sept lors d\u2019un large succ\u00e8s contre Amn\u00e9ville en mai<\/a> (12-0) \u2013, le jeune gaucher de la SSEP Hombourg-Haut va rejoindre l\u2019AS Nancy-Lorraine, pour \u00e9voluer en R1 avec l\u2019\u00e9quipe r\u00e9serve, mais en caressant l\u2019espoir de s\u2019entra\u00eener avec le groupe pro de temps \u00e0 autre. Et plus si affinit\u00e9s\u00a0?<\/p>\n<p>L\u2019attaquant de 19 ans a pass\u00e9 deux essais avec l\u2019ASNL, qui lui ont permis de s\u00e9duire le directeur du centre de formation Nicolas Florentin, le recruteur Laurent Moracchini et le directeur sportif Micka\u00ebl Chr\u00e9tien. Courtis\u00e9 par Sarreguemines notamment, il a finalement donn\u00e9 son accord, le week-end dernier, pour rejoindre le club nanc\u00e9ien.<\/p>\n","protected":false},"excerpt":{"rendered":"Pas conserv\u00e9 par le FC Metz \u00e0 l\u2019issue de la saison 2023-2024, Matth\u00e9o Guendez va avoir une seconde&hellip;\n","protected":false},"author":2,"featured_media":204318,"comment_status":"","ping_status":"","sticky":false,"template":"","format":"standard","meta":{"footnotes":""},"categories":[9635],"tags":[1111,11,3703,1704,1777,674,8113,107,1701,63,1011,27,775,23100,1702,12,25,517,1700],"class_list":{"0":"post-204317","1":"post","2":"type-post","3":"status-publish","4":"format-standard","5":"has-post-thumbnail","7":"category-nancy","8":"tag-actu","9":"tag-actualites","10":"tag-asnl","11":"tag-edition-nancy-et-agglomeration","12":"tag-eu","13":"tag-europe","14":"tag-fc-metz","15":"tag-fil-info","16":"tag-fil-info-sport","17":"tag-football","18":"tag-fr","19":"tag-france","20":"tag-grand-est","21":"tag-mercato-football","22":"tag-nancy","23":"tag-news","24":"tag-republique-francaise","25":"tag-sport","26":"tag-sport-lorrain"},"share_on_mastodon":{"url":"https:\/\/pubeurope.com\/@fr\/114746437361051200","error":""},"_links":{"self":[{"href":"https:\/\/www.europesays.com\/fr\/wp-json\/wp\/v2\/posts\/204317","targetHints":{"allow":["GET"]}}],"collection":[{"href":"https:\/\/www.europesays.com\/fr\/wp-json\/wp\/v2\/posts"}],"about":[{"href":"https:\/\/www.europesays.com\/fr\/wp-json\/wp\/v2\/types\/post"}],"author":[{"embeddable":true,"href":"https:\/\/www.europesays.com\/fr\/wp-json\/wp\/v2\/users\/2"}],"replies":[{"embeddable":true,"href":"https:\/\/www.europesays.com\/fr\/wp-json\/wp\/v2\/comments?post=204317"}],"version-history":[{"count":0,"href":"https:\/\/www.europesays.com\/fr\/wp-json\/wp\/v2\/posts\/204317\/revisions"}],"wp:featuredmedia":[{"embeddable":true,"href":"https:\/\/www.europesays.com\/fr\/wp-json\/wp\/v2\/media\/204318"}],"wp:attachment":[{"href":"https:\/\/www.europesays.com\/fr\/wp-json\/wp\/v2\/media?parent=204317"}],"wp:term":[{"taxonomy":"category","embeddable":true,"href":"https:\/\/www.europesays.com\/fr\/wp-json\/wp\/v2\/categories?post=204317"},{"taxonomy":"post_tag","embeddable":true,"href":"https:\/\/www.europesays.com\/fr\/wp-json\/wp\/v2\/tags?post=204317"}],"curies":[{"name":"wp","href":"https:\/\/api.w.org\/{rel}","templated":true}]}}