{"id":204324,"date":"2025-06-25T22:49:12","date_gmt":"2025-06-25T22:49:12","guid":{"rendered":"https:\/\/www.europesays.com\/fr\/204324\/"},"modified":"2025-06-25T22:49:12","modified_gmt":"2025-06-25T22:49:12","slug":"mercato-mathieu-michel-rejoint-officiellement-le-montpellier-herault","status":"publish","type":"post","link":"https:\/\/www.europesays.com\/fr\/204324\/","title":{"rendered":"[Mercato] Mathieu Michel rejoint officiellement le Montpellier H\u00e9rault"},"content":{"rendered":"<p>Comme annonc\u00e9 par Bertrand Queneutte, Mathieu Michel (33 ans) vient de s\u2019engager officiellement avec le MHSC. Gardien dot\u00e9 d\u2019une tr\u00e8s riche exp\u00e9rience en Ligue 2, plus de 200 matchs entre ses passages au N\u00eemes Olympique (o\u00f9 il est form\u00e9), Auxerre ou encore Ajaccio, il est pour autant difficile aujourd\u2019hui de l\u2019imaginer concurrencer Benjamin Lecomte pour le premier r\u00f4le mais en cas de d\u00e9part, il poss\u00e8de des arguments solides.<\/p>\n<p>La saison derni\u00e8re, il \u00e9voluait en National 1 du c\u00f4t\u00e9 de Valenciennes o\u00f9 il \u00e9tait pr\u00eat\u00e9 par l\u2019ACA et o\u00f9 il a vraisemblablement r\u00e9ussi \u00e0 se donner un nouvel \u00e9lan: \u201cC\u2019\u00e9tait un passage court mais intense. Apr\u00e8s une saison compliqu\u00e9e \u00e0 Ajaccio, avec pas mal d\u2019hostilit\u00e9 \u00e0 mon \u00e9gard, j\u2019ai eu \u00e9norm\u00e9ment de soutien et de chaleur du public \u00e0 mon \u00e9gard. Le passage \u00e0 Valenciennes va me marquer.\u201d<\/p>\n<p>Il portera le num\u00e9ro 1.<\/p>\n<blockquote class=\"twitter-tweet\" data-width=\"550\" data-dnt=\"true\">\n<p lang=\"fr\" dir=\"ltr\">\ud83d\udea8\ud83c\udd95 <a href=\"https:\/\/twitter.com\/hashtag\/MercatoMHSC?src=hash&amp;ref_src=twsrc%5Etfw\" rel=\"nofollow noopener\" target=\"_blank\">#MercatoMHSC<\/a><br \/>\ud835\udde5\ud835\uddf2trouver du caract\u00e8re \ud83d\udc4a <a href=\"https:\/\/t.co\/qucf3CA5ba\" rel=\"nofollow\">pic.twitter.com\/qucf3CA5ba<\/a><\/p>\n<p>&mdash; MHSC (@MontpellierHSC) <a href=\"https:\/\/twitter.com\/MontpellierHSC\/status\/1937919884907721064?ref_src=twsrc%5Etfw\" rel=\"nofollow noopener\" target=\"_blank\">June 25, 2025<\/a><\/p><\/blockquote>\n<p><script async src=\"https:\/\/platform.twitter.com\/widgets.js\" charset=\"utf-8\"><\/script><\/p>\n<p>  <script async src=\"https:\/\/platform.twitter.com\/widgets.js\" charset=\"utf-8\"><\/script><\/p>\n","protected":false},"excerpt":{"rendered":"Comme annonc\u00e9 par Bertrand Queneutte, Mathieu Michel (33 ans) vient de s\u2019engager officiellement avec le MHSC. Gardien dot\u00e9&hellip;\n","protected":false},"author":2,"featured_media":204325,"comment_status":"","ping_status":"","sticky":false,"template":"","format":"standard","meta":{"footnotes":""},"categories":[9599],"tags":[328,1111,11,1777,674,1011,27,1434,2208,12,2680,25],"class_list":{"0":"post-204324","1":"post","2":"type-post","3":"status-publish","4":"format-standard","5":"has-post-thumbnail","7":"category-montpellier","8":"tag-a-la-une","9":"tag-actu","10":"tag-actualites","11":"tag-eu","12":"tag-europe","13":"tag-fr","14":"tag-france","15":"tag-mercato","16":"tag-montpellier","17":"tag-news","18":"tag-occitanie","19":"tag-republique-francaise"},"share_on_mastodon":{"url":"https:\/\/pubeurope.com\/@fr\/114746449161110807","error":""},"_links":{"self":[{"href":"https:\/\/www.europesays.com\/fr\/wp-json\/wp\/v2\/posts\/204324","targetHints":{"allow":["GET"]}}],"collection":[{"href":"https:\/\/www.europesays.com\/fr\/wp-json\/wp\/v2\/posts"}],"about":[{"href":"https:\/\/www.europesays.com\/fr\/wp-json\/wp\/v2\/types\/post"}],"author":[{"embeddable":true,"href":"https:\/\/www.europesays.com\/fr\/wp-json\/wp\/v2\/users\/2"}],"replies":[{"embeddable":true,"href":"https:\/\/www.europesays.com\/fr\/wp-json\/wp\/v2\/comments?post=204324"}],"version-history":[{"count":0,"href":"https:\/\/www.europesays.com\/fr\/wp-json\/wp\/v2\/posts\/204324\/revisions"}],"wp:featuredmedia":[{"embeddable":true,"href":"https:\/\/www.europesays.com\/fr\/wp-json\/wp\/v2\/media\/204325"}],"wp:attachment":[{"href":"https:\/\/www.europesays.com\/fr\/wp-json\/wp\/v2\/media?parent=204324"}],"wp:term":[{"taxonomy":"category","embeddable":true,"href":"https:\/\/www.europesays.com\/fr\/wp-json\/wp\/v2\/categories?post=204324"},{"taxonomy":"post_tag","embeddable":true,"href":"https:\/\/www.europesays.com\/fr\/wp-json\/wp\/v2\/tags?post=204324"}],"curies":[{"name":"wp","href":"https:\/\/api.w.org\/{rel}","templated":true}]}}