{"id":204335,"date":"2025-06-25T22:56:27","date_gmt":"2025-06-25T22:56:27","guid":{"rendered":"https:\/\/www.europesays.com\/fr\/204335\/"},"modified":"2025-06-25T22:56:27","modified_gmt":"2025-06-25T22:56:27","slug":"pour-briser-le-silence-sur-gaza-leurodeputee-rima-hassan-attendue-a-rennes-lors-dune-reunion-publique","status":"publish","type":"post","link":"https:\/\/www.europesays.com\/fr\/204335\/","title":{"rendered":"Pour \u00ab\u00a0briser le silence\u00a0\u00bb sur Gaza, l&rsquo;eurod\u00e9put\u00e9e Rima Hassan attendue \u00e0 Rennes lors d&rsquo;une r\u00e9union publique"},"content":{"rendered":"<p>            Par<br \/>\n        <strong><br \/>\n            <a href=\"https:\/\/actu.fr\/auteur\/laurene-fertin\" title=\"Consulter tous les articles de Laur\u00e8ne Fertin\" target=\"_blank\" rel=\"noopener\">Laur\u00e8ne Fertin<\/a><br \/>\n        <\/strong><\/p>\n<p>        Publi\u00e9 le<\/p>\n<p>            25 juin 2025 \u00e0 14h12        <\/p>\n<p><a href=\"https:\/\/actu.fr\/bretagne\/rennes_35238\/rima-hassan-deputee-europeenne-lfi-attendue-a-l-universite-rennes-2-jeudi-10-avril_62483404.html\" target=\"_blank\" rel=\"noopener\">Apr\u00e8s son passage dans la capitale bretonne, jeudi 10\u00a0avril 2025 lors d\u2019une conf\u00e9rence \u00e0 l\u2019universit\u00e9 Rennes 2<\/a>, <strong>l\u2019eurod\u00e9put\u00e9e LFI<\/strong> (La France Insoumise) <strong>Rima Hassan<\/strong> est de retour \u00e0 Rennes.<\/p>\n<p class=\" wall-content\">Comme l\u2019annonce <a href=\"https:\/\/actu.fr\/bretagne\/rennes_35238\/municipales-2026-a-rennes-marie-mesmeur-et-gwenole-bourree-chefs-de-file-pour-la-campagne-des-insoumis_62779151.html\" target=\"_blank\" rel=\"noopener\">la d\u00e9put\u00e9e Marie Mesmeur, cheffe de file de la campagne LFI pour les Municipales 2026 \u00e0 Rennes<\/a>, une r\u00e9union publique \u00ab\u2009exceptionnelle\u2009\u00bb est organis\u00e9e <strong>vendredi 27\u00a0juin \u00e0 19h au Caf\u00e9 Istanbul<\/strong> dans le quartier Italie.<\/p>\n<p>Deux invit\u00e9es<\/p>\n<p class=\" wall-content\">Rima Hassan <strong>prendra la parole \u00ab\u2009pour la premi\u00e8re fois en r\u00e9union publique<\/strong> depuis sa lib\u00e9ration des prisons isra\u00e9liennes\u2009\u00bb, pr\u00e9cise le service presse de la d\u00e9put\u00e9e rennaise.<\/p>\n<p class=\" wall-content\">Aux c\u00f4t\u00e9s de Rima Hassan, se tiendra <strong>Cathy Le Scola<\/strong>, m\u00e9decin rennaise qui s\u2019est d\u00e9plac\u00e9e \u00e0 Gaza.<\/p>\n<p class=\" wall-content\"><a href=\"https:\/\/www.instagram.com\/p\/DLSje7QI2NX\/embed\" title=\"Ouvrir le lien sur Instagram\" target=\"_blank\" rel=\"noopener\">Visualiser le contenu sur Instagram<\/a><\/p>\n<blockquote class=\"ac-article-quote wall-content\">\n<p>Nous vivons le premier g\u00e9nocide film\u00e9, le peuple palestinien est massacr\u00e9 et affam\u00e9 sous nos yeux, des citoyens partout dans le monde se r\u00e9voltent et pourtant les gouvernements fran\u00e7ais et europ\u00e9ens restent passifs, quand ils ne r\u00e9priment pas les voix de la paix.<\/p>\n<p>    <strong>Communiqu\u00e9 de presse<\/strong>\n            <\/p><\/blockquote>\n<p>Vid\u00e9os : en ce moment sur Actu<\/p>\n<p class=\" wall-content\">Cette r\u00e9union publique a pour objectif de <strong>\u00ab\u2009briser le silence\u2009\u00bb<\/strong> et <strong>\u00ab\u2009de construire une r\u00e9ponse politique \u00e0 la hauteur<\/strong> de la situation\u2009\u00bb.<\/p>\n<p class=\" wall-content\">Suivez toute l\u2019actualit\u00e9 de vos villes et m\u00e9dias favoris en vous inscrivant \u00e0 <a href=\"https:\/\/moncompte.actu.fr\" title=\"D\u00e9couvez Mon Actu\" rel=\"nofollow noopener\" data-trk=\"{&quot;cta&quot;:{&quot;action&quot;:&quot;https:\\\/\\\/moncompte.actu.fr&quot;,&quot;category&quot;:&quot;mon compte&quot;,&quot;from&quot;:&quot;article footer&quot;,&quot;name&quot;:&quot;Mon actu&quot;,&quot;type&quot;:&quot;cta&quot;}}\" target=\"_blank\">Mon Actu<\/a>.<\/p>\n<ul class=\"ac-article-tag wall-content\">\n<li><a href=\"https:\/\/actu.fr\/tag\/guerre-israel-hamas\" data-trk=\"{&quot;cta&quot;:{&quot;action&quot;:&quot;Guerre Isra\\u00ebl-Hamas&quot;,&quot;category&quot;:&quot;tag&quot;,&quot;from&quot;:&quot;article footer&quot;,&quot;name&quot;:&quot;Guerre Isra\\u00ebl-Hamas&quot;,&quot;type&quot;:&quot;cta&quot;}}\" target=\"_blank\" rel=\"noopener\">#Guerre Isra\u00ebl-Hamas<\/a><\/li>\n<li><a href=\"https:\/\/actu.fr\/tag\/la-france-insoumise-lfi\" data-trk=\"{&quot;cta&quot;:{&quot;action&quot;:&quot;La France Insoumise (LFI)&quot;,&quot;category&quot;:&quot;tag&quot;,&quot;from&quot;:&quot;article footer&quot;,&quot;name&quot;:&quot;La France Insoumise (LFI)&quot;,&quot;type&quot;:&quot;cta&quot;}}\" target=\"_blank\" rel=\"noopener\">#La France Insoumise (LFI)<\/a><\/li>\n<\/ul>\n<p>                    <script async src=\"\/\/www.instagram.com\/embed.js\"><\/script><\/p>\n","protected":false},"excerpt":{"rendered":"Par Laur\u00e8ne Fertin Publi\u00e9 le 25 juin 2025 \u00e0 14h12 Apr\u00e8s son passage dans la capitale bretonne, jeudi&hellip;\n","protected":false},"author":2,"featured_media":12025,"comment_status":"","ping_status":"","sticky":false,"template":"","format":"standard","meta":{"footnotes":""},"categories":[2821],"tags":[1111,11,829,1777,674,1011,27,5643,1023,12,316,584,25],"class_list":{"0":"post-204335","1":"post","2":"type-post","3":"status-publish","4":"format-standard","5":"has-post-thumbnail","7":"category-rennes","8":"tag-actu","9":"tag-actualites","10":"tag-bretagne","11":"tag-eu","12":"tag-europe","13":"tag-fr","14":"tag-france","15":"tag-guerre-israel-hamas","16":"tag-la-france-insoumise-lfi","17":"tag-news","18":"tag-politique","19":"tag-rennes","20":"tag-republique-francaise"},"share_on_mastodon":{"url":"https:\/\/pubeurope.com\/@fr\/114746477036387581","error":""},"_links":{"self":[{"href":"https:\/\/www.europesays.com\/fr\/wp-json\/wp\/v2\/posts\/204335","targetHints":{"allow":["GET"]}}],"collection":[{"href":"https:\/\/www.europesays.com\/fr\/wp-json\/wp\/v2\/posts"}],"about":[{"href":"https:\/\/www.europesays.com\/fr\/wp-json\/wp\/v2\/types\/post"}],"author":[{"embeddable":true,"href":"https:\/\/www.europesays.com\/fr\/wp-json\/wp\/v2\/users\/2"}],"replies":[{"embeddable":true,"href":"https:\/\/www.europesays.com\/fr\/wp-json\/wp\/v2\/comments?post=204335"}],"version-history":[{"count":0,"href":"https:\/\/www.europesays.com\/fr\/wp-json\/wp\/v2\/posts\/204335\/revisions"}],"wp:featuredmedia":[{"embeddable":true,"href":"https:\/\/www.europesays.com\/fr\/wp-json\/wp\/v2\/media\/12025"}],"wp:attachment":[{"href":"https:\/\/www.europesays.com\/fr\/wp-json\/wp\/v2\/media?parent=204335"}],"wp:term":[{"taxonomy":"category","embeddable":true,"href":"https:\/\/www.europesays.com\/fr\/wp-json\/wp\/v2\/categories?post=204335"},{"taxonomy":"post_tag","embeddable":true,"href":"https:\/\/www.europesays.com\/fr\/wp-json\/wp\/v2\/tags?post=204335"}],"curies":[{"name":"wp","href":"https:\/\/api.w.org\/{rel}","templated":true}]}}