{"id":204338,"date":"2025-06-25T22:58:12","date_gmt":"2025-06-25T22:58:12","guid":{"rendered":"https:\/\/www.europesays.com\/fr\/204338\/"},"modified":"2025-06-25T22:58:12","modified_gmt":"2025-06-25T22:58:12","slug":"strasbourg-miss-tarken-se-revele","status":"publish","type":"post","link":"https:\/\/www.europesays.com\/fr\/204338\/","title":{"rendered":"Strasbourg : Miss Tarken se r\u00e9v\u00e8le"},"content":{"rendered":"<p>\t\t\t\t\t\tApr\u00e8s s&rsquo;\u00eatre plut\u00f4t bien comport\u00e9e dans des maidens relev\u00e9s, sans toutefois obtenir d&rsquo;allocations, Miss Tarken n&rsquo;\u00e9tait pas pr\u00e9sent\u00e9e dans un maiden, mais dans une course \u00e0 conditions, affrontant des concurrents exp\u00e9riment\u00e9s, dont certains ayant d\u00e9j\u00e0 gagn\u00e9. B\u00e9n\u00e9ficiant des 2 kilos de d\u00e9charge allou\u00e9s \u00e0 son partenaire Malone Favriaux, la pensionnaire de Thibault Speicher a \u00e9t\u00e9 mont\u00e9e parmi les animateurs. Dans le dernier tournant, elle  a \u00e9t\u00e9 l\u00e9g\u00e8rement prise de vitesse lorsque Goldilocks Cen a plac\u00e9 une premi\u00e8re banderille. Alors que l&rsquo;on a longtemps pens\u00e9 que Miss Tarken allait devoir se contenter de la 3e place, cette derni\u00e8re a plac\u00e9 un dernier coup de rein \u00e0 150 m\u00e8tres du poteau pour venir rafler la mise. Bien qu&rsquo;issue de Goken, cette \u00e9l\u00e8ve du Haras des Granges et de Guy Pariente, dont le fr\u00e8re est plac\u00e9 de Listed a \u00e9t\u00e9 acquise yearling seulement 12 000 \u20ac par son entra\u00eeneur actuel. <\/p>\n<p><img decoding=\"async\" src=\"https:\/\/www.europesays.com\/fr\/wp-content\/uploads\/2025\/06\/20250625093219_685c51c8cf5e7.jpg\" \/><\/p>\n","protected":false},"excerpt":{"rendered":"Apr\u00e8s s&rsquo;\u00eatre plut\u00f4t bien comport\u00e9e dans des maidens relev\u00e9s, sans toutefois obtenir d&rsquo;allocations, Miss Tarken n&rsquo;\u00e9tait pas pr\u00e9sent\u00e9e&hellip;\n","protected":false},"author":2,"featured_media":204339,"comment_status":"","ping_status":"","sticky":false,"template":"","format":"standard","meta":{"footnotes":""},"categories":[2820],"tags":[1111,11,1777,674,1011,27,775,1577,12,25,640],"class_list":{"0":"post-204338","1":"post","2":"type-post","3":"status-publish","4":"format-standard","5":"has-post-thumbnail","7":"category-strasbourg","8":"tag-actu","9":"tag-actualites","10":"tag-eu","11":"tag-europe","12":"tag-fr","13":"tag-france","14":"tag-grand-est","15":"tag-l","16":"tag-news","17":"tag-republique-francaise","18":"tag-strasbourg"},"share_on_mastodon":{"url":"https:\/\/pubeurope.com\/@fr\/114746484784982529","error":""},"_links":{"self":[{"href":"https:\/\/www.europesays.com\/fr\/wp-json\/wp\/v2\/posts\/204338","targetHints":{"allow":["GET"]}}],"collection":[{"href":"https:\/\/www.europesays.com\/fr\/wp-json\/wp\/v2\/posts"}],"about":[{"href":"https:\/\/www.europesays.com\/fr\/wp-json\/wp\/v2\/types\/post"}],"author":[{"embeddable":true,"href":"https:\/\/www.europesays.com\/fr\/wp-json\/wp\/v2\/users\/2"}],"replies":[{"embeddable":true,"href":"https:\/\/www.europesays.com\/fr\/wp-json\/wp\/v2\/comments?post=204338"}],"version-history":[{"count":0,"href":"https:\/\/www.europesays.com\/fr\/wp-json\/wp\/v2\/posts\/204338\/revisions"}],"wp:featuredmedia":[{"embeddable":true,"href":"https:\/\/www.europesays.com\/fr\/wp-json\/wp\/v2\/media\/204339"}],"wp:attachment":[{"href":"https:\/\/www.europesays.com\/fr\/wp-json\/wp\/v2\/media?parent=204338"}],"wp:term":[{"taxonomy":"category","embeddable":true,"href":"https:\/\/www.europesays.com\/fr\/wp-json\/wp\/v2\/categories?post=204338"},{"taxonomy":"post_tag","embeddable":true,"href":"https:\/\/www.europesays.com\/fr\/wp-json\/wp\/v2\/tags?post=204338"}],"curies":[{"name":"wp","href":"https:\/\/api.w.org\/{rel}","templated":true}]}}