{"id":204340,"date":"2025-06-25T22:59:10","date_gmt":"2025-06-25T22:59:10","guid":{"rendered":"https:\/\/www.europesays.com\/fr\/204340\/"},"modified":"2025-06-25T22:59:10","modified_gmt":"2025-06-25T22:59:10","slug":"destination-tourrette-levens-5-activites-a-decouvrir-cet-ete","status":"publish","type":"post","link":"https:\/\/www.europesays.com\/fr\/204340\/","title":{"rendered":"Destination Tourrette-Levens: 5 activit\u00e9s \u00e0 d\u00e9couvrir cet \u00e9t\u00e9"},"content":{"rendered":"<p>                                <b>1.Randonner et s\u2019aventurer en pleine nature<\/b><\/p>\n<p>\u00c0 Tourrette-Levens, la nature est reine! Avec une dizaine de <a href=\"https:\/\/tourrette-levens.fr\/les-randonnees\/\" target=\"_blank\" rel=\"noopener\">parcours de randonn\u00e9es<\/a> adapt\u00e9s \u00e0 tous les niveaux, le village offre une invitation irr\u00e9sistible \u00e0 l\u2019\u00e9vasion. Pour une promenade paisible en famille, direction les sentiers bucoliques du quartier du Plan d\u2019Ariou, o\u00f9 l\u2019on chemine entre oliviers et petites prairies en respirant les parfums de garrigue. <\/p>\n<p>Les plus sportifs, eux, tenteront l\u2019ascension du mont Macaron, qui, du haut de ses 806 m\u00e8tres, offre un panorama spectaculaire sur les vall\u00e9es, la M\u00e9diterran\u00e9e et, par temps clair, jusqu\u2019aux montagnes du Mercantour.<\/p>\n<p>Pour les amateurs de sensations, la station trail propose 10 parcours balis\u00e9s et 4 ateliers techniques, parfaits pour tester son endurance ou s\u2019initier en douceur. Quant au complexe sportif de Brocarel, il est un v\u00e9ritable terrain de jeu pour tous: tennis, padel, beach-volley, VTT-AE, sport en salle\u2026 Sans oublier un jardin d\u2019enfants et un parcours sant\u00e9 en acc\u00e8s libre, id\u00e9al pour partager un moment actif et joyeux en famille. Une v\u00e9ritable aventure au c\u0153ur de la nature!<\/p>\n<p>              <img ci-src=\"https:\/\/www.nicematin.com\/detente\/randonn%2B%C2%AEes-Tourrette-levens%40lolphoto06-FpMQK6Sz.jpg?vh=20942e&amp;ci_seal=53e0211eca\" alt=\"\"\/><br \/>\n         <strong>Cr\u00e9dit: lolphoto06.com.<\/strong> <\/p>\n<p>                                <b>2.Plonger dans l\u2019histoire et l\u2019art du village<\/b><\/p>\n<p>En gravissant les ruelles pav\u00e9es jusqu\u2019au ch\u00e2teau, un sentiment rare nous envahit: celui de remonter le temps. Le vent fait chanter les cloches, les vieilles pierres murmurent des histoires oubli\u00e9es, et en haut, un panorama \u00e0 couper le souffle. Bien qu\u2019il ait \u00e9volu\u00e9 au fil des \u00e9poques, il conserve une aura puissante, offrant depuis ses remparts une vue vertigineuse sur la mer et les collines alentours.\u00a0<\/p>\n<p>Cet \u00e9t\u00e9, un autre tr\u00e9sor se d\u00e9voile au c\u0153ur du village, inattendu et haut en couleur: l\u2019exposition \u201cLes clowns, rois du cirque\u201d, visible du 5 juillet au 21 septembre. Con\u00e7ue \u00e0 partir de la fabuleuse collection priv\u00e9e du Docteur Alain Fr\u00e8re, cette exposition unique rend hommage aux plus grands amuseurs de l\u2019histoire du cirque. Chaussures surdimensionn\u00e9es, costumes extravagants, instruments de musique, affiches anciennes et gravures pr\u00e9cieuses vous plongent dans un univers po\u00e9tique et nostalgique. De Charlie Rivel \u00e0 Achille Zavatta, du clown Grock aux fr\u00e8res Fratellini, c\u2019est tout un pan de m\u00e9moire joyeuse qui reprend vie, dans un d\u00e9cor \u00e9mouvant et hautement visuel. Une escale pleine de fantaisie et de tendresse, qui compl\u00e8te \u00e0 merveille la richesse patrimoniale du village.<\/p>\n<p>              <img ci-src=\"https:\/\/www.nicematin.com\/detente\/chateau%C2%A9calfonsi-DqwjRnzn.jpg?vh=e2ddbe&amp;ci_seal=a7d8ac9fee\" alt=\"\"\/><br \/>\n         <strong>Cr\u00e9dit: C\u00e9cile Alfonsi.<\/strong> <\/p>\n<p>                                <b>3.S\u2019amuser en famille avec \u201cMy Adventure\u201d<\/b><\/p>\n<p><b\/>D\u00e8s juillet, Tourrette-Levens se transforme en v\u00e9ritable terrain de jeu gr\u00e2ce \u00e0 <a href=\"https:\/\/boutique.explorenicecotedazur.com\/my-adventure.html\" target=\"_blank\" rel=\"noopener\">\u201cMy Adventure\u201d<\/a>, une activit\u00e9 ludique et originale pens\u00e9e pour toute la famille. Munis d\u2019un smartphone et d\u2019un sac \u00e0 dos rempli d\u2019accessoires d\u2019explorateur, petits et grands partent \u00e0 l\u2019assaut des ruelles, des places et des recoins cach\u00e9s du village. On cherche des indices, on r\u00e9sout des \u00e9nigmes, on rel\u00e8ve des d\u00e9fis\u2014 et surtout, on rit, on collabore, on s\u2019\u00e9tonne ensemble.<\/p>\n<p>Ce jeu de piste num\u00e9rique ne se contente pas de divertir\u202f: il permet d\u2019explorer Tourrette-Levens sous un angle in\u00e9dit, en r\u00e9v\u00e9lant ses secrets, ses histoires oubli\u00e9es, ses petites merveilles souvent invisibles au regard press\u00e9. Entre deux missions, on l\u00e8ve les yeux, on admire une fa\u00e7ade ancienne, un d\u00e9tail architectural, une vue inattendue. Une exp\u00e9rience joyeuse et l\u00e9g\u00e8re, id\u00e9ale pour cr\u00e9er des souvenirs complices et red\u00e9couvrir le plaisir simple de s\u2019amuser ensemble!<\/p>\n<p>              <img ci-src=\"https:\/\/www.nicematin.com\/detente\/vue+est+TL%C2%A9c-alfonsi-aqCl4OsX.jpg?vh=59d265&amp;ci_seal=7b56939a06\" alt=\"\"\/><br \/>\n         <strong>Cr\u00e9dit: C\u00e9cile Alfonsi.<\/strong> <\/p>\n<p>                                <b>4.Vibrer aux Nuits Musicales du Ch\u00e2teau<\/b><\/p>\n<p>Quand la chaleur retombe et que la nuit s\u2019installe, le ch\u00e2teau de Tourrette-Levens s\u2019illumine et s\u2019anime. Dans son \u00e9crin de verdure r\u00e9sonnent des voix, des guitares, des m\u00e9lodies venues d\u2019ailleurs. Le festival phare de l\u2019\u00e9t\u00e9 revient du 8 juillet au 2 ao\u00fbt, transformant le parc du ch\u00e2teau en th\u00e9\u00e2tre de verdure sous les \u00e9toiles. Avec une <a href=\"https:\/\/www.facebook.com\/nuitsmusicales.tourrettelevens\" target=\"_blank\" rel=\"noopener\">programmation des Nuits Musicales du Ch\u00e2teau<\/a> \u00e9clectique m\u00ealant musiques du monde, jazz, vari\u00e9t\u00e9s, hommages et chants corses, l&rsquo;\u00e9v\u00e9nement offre \u00e0 chaque soir\u00e9e une ambiance unique.<\/p>\n<p>Au programme: les rythmes cubains de Cubanissando, l\u2019humour de Don Camillo Monseigneur, la voix d\u2019Anne Carrere, l\u2019hommage pop-rock aux Rita Mitsouko , l\u2019\u00e9nergie de Miss Dey &amp; The Residents, le talent de Ben Jack&rsquo;son , les chants corses d\u2019Av\u00e0 Corsica, un tribute Tarantino avec Call Me Winston et enfin Tobacco Road pour clore en beaut\u00e9. Qu\u2019on vienne en famille, entre amis ou en amoureux, ces soir\u00e9es sont de v\u00e9ritables moments suspendus, o\u00f9 l\u2019on s\u2019abandonne \u00e0 la musique, \u00e0 la douceur des nuits d\u2019\u00e9t\u00e9.<\/p>\n<p>              <img ci-src=\"https:\/\/www.nicematin.com\/detente\/vue+generale+nuits+chateau%C2%A9JJGiordan-TeDainQW-version-73306a-HTdtmRdr.jpg?vh=067649&amp;ci_seal=8f114b8dbe\" alt=\"\"\/><br \/>\n         <strong>Cr\u00e9dit: Jean-Jacques Giordan.<\/strong> <\/p>\n<p>                                <b>5.Visiter les mus\u00e9es et s\u2019\u00e9merveiller<\/b><\/p>\n<p><b><br \/>&#13;<br \/>\n<\/b>\u00c0 Tourrette-Levens, les mus\u00e9es sont de v\u00e9ritables voyages hors du temps, gratuits et ouverts \u00e0 tous, o\u00f9 l\u2019on s\u2019\u00e9merveille \u00e0 chaque pas. Le mus\u00e9e des Papillons nous plonge dans un festival de couleurs: plus de 5000 sp\u00e9cimens venus des quatre coins du monde d\u00e9ploient leurs ailes d\u00e9licates, tandis qu\u2019animaux naturalis\u00e9s et d\u00e9cors soign\u00e9s reconstituent les habitats naturels avec po\u00e9sie. Petits et grands y d\u00e9couvrent ainsi la richesse incroyable de la biodiversit\u00e9.\u00a0<\/p>\n<p>              <img ci-src=\"https:\/\/www.nicematin.com\/detente\/chateau-musee%C2%A9calfonsi-jKhGSewB.jpg?vh=0f2773&amp;ci_seal=bacce6e3ce\" alt=\"\"\/><br \/>\n         <strong>Cr\u00e9dit: C\u00e9cile Alfonsi.<\/strong> <\/p>\n<p>Dans le cadre exceptionnel de la cr\u00eate du ch\u00e2teau de Tourrette-Levens, le sentier d\u00e9couverte prolonge l&rsquo;exp\u00e9rience apport\u00e9e par le ch\u00e2teau-mus\u00e9e gr\u00e2ce au panorama qu&rsquo;il offre, sa flore et son histoire. Mesurant 700 m\u00e8tres aller-retour, le chemin invite les visiteurs \u00e0 la d\u00e9couverte des 22 esp\u00e8ces de plantes pr\u00e9sentes naturellement sur le site. Tout au long du sentier, des panneaux explicatifs permettent aux curieux d\u2019en savoir plus sur la flore qui les entoure. Ce sentier offre \u00e9galement un panorama exceptionnel avec de nouveaux points de vue sur le village et le ch\u00e2teau.<\/p>\n<p>              <img ci-src=\"https:\/\/www.nicematin.com\/detente\/sentier_decouverte%40cecile_alfonsi+%288%29-0el0HPHz.jpg?vh=a38512&amp;ci_seal=b9202a1398\" alt=\"\"\/><br \/>\n         <strong>Cr\u00e9dit: C\u00e9cile Alfonsi.<\/strong> <\/p>\n<p>Au mus\u00e9e des M\u00e9tiers Traditionnels, le charme op\u00e8re d\u2019embl\u00e9e: nich\u00e9 dans une maison ancienne aux allures de labyrinthe, il d\u00e9voile salle apr\u00e8s salle plus de 6000 outils, machines et objets du quotidien, soigneusement mis en sc\u00e8ne pour raconter l\u2019histoire des artisans d\u2019autrefois. On y entend presque le mart\u00e8lement du forgeron, le cliquetis des sabots ou le froissement des \u00e9toffes. Un plongeon fascinant dans le savoir-faire d\u2019antan.<\/p>\n<p>Enfin, pour remonter encore plus loin, direction le mus\u00e9e de Pr\u00e9histoire, o\u00f9 les d\u00e9couvertes arch\u00e9ologiques locales nous r\u00e9v\u00e8lent le mode de vie des premiers hommes, il y a 35\u202f000 ans. Point d\u2019orgue de la visite: la reconstitution d\u2019une paroi orn\u00e9e de la c\u00e9l\u00e8bre grotte Chauvet, qui transporte instantan\u00e9ment dans l\u2019univers myst\u00e9rieux et \u00e9mouvant des artistes pr\u00e9historiques. Une apr\u00e8s-midi dans ces mus\u00e9es est v\u00e9ritablement un concentr\u00e9 de d\u00e9couvertes, de curiosit\u00e9 et d\u2019\u00e9merveillement, \u00e0 partager sans mod\u00e9ration!<\/p>\n","protected":false},"excerpt":{"rendered":"1.Randonner et s\u2019aventurer en pleine nature \u00c0 Tourrette-Levens, la nature est reine! Avec une dizaine de parcours de&hellip;\n","protected":false},"author":2,"featured_media":204341,"comment_status":"","ping_status":"","sticky":false,"template":"","format":"standard","meta":{"footnotes":""},"categories":[2819],"tags":[1111,11,1777,674,1011,27,1393,12,2401,882,25],"class_list":{"0":"post-204340","1":"post","2":"type-post","3":"status-publish","4":"format-standard","5":"has-post-thumbnail","7":"category-nice","8":"tag-actu","9":"tag-actualites","10":"tag-eu","11":"tag-europe","12":"tag-fr","13":"tag-france","14":"tag-loisirs","15":"tag-news","16":"tag-nice","17":"tag-provence-alpes-cote-dazur","18":"tag-republique-francaise"},"share_on_mastodon":{"url":"https:\/\/pubeurope.com\/@fr\/114746488814133993","error":""},"_links":{"self":[{"href":"https:\/\/www.europesays.com\/fr\/wp-json\/wp\/v2\/posts\/204340","targetHints":{"allow":["GET"]}}],"collection":[{"href":"https:\/\/www.europesays.com\/fr\/wp-json\/wp\/v2\/posts"}],"about":[{"href":"https:\/\/www.europesays.com\/fr\/wp-json\/wp\/v2\/types\/post"}],"author":[{"embeddable":true,"href":"https:\/\/www.europesays.com\/fr\/wp-json\/wp\/v2\/users\/2"}],"replies":[{"embeddable":true,"href":"https:\/\/www.europesays.com\/fr\/wp-json\/wp\/v2\/comments?post=204340"}],"version-history":[{"count":0,"href":"https:\/\/www.europesays.com\/fr\/wp-json\/wp\/v2\/posts\/204340\/revisions"}],"wp:featuredmedia":[{"embeddable":true,"href":"https:\/\/www.europesays.com\/fr\/wp-json\/wp\/v2\/media\/204341"}],"wp:attachment":[{"href":"https:\/\/www.europesays.com\/fr\/wp-json\/wp\/v2\/media?parent=204340"}],"wp:term":[{"taxonomy":"category","embeddable":true,"href":"https:\/\/www.europesays.com\/fr\/wp-json\/wp\/v2\/categories?post=204340"},{"taxonomy":"post_tag","embeddable":true,"href":"https:\/\/www.europesays.com\/fr\/wp-json\/wp\/v2\/tags?post=204340"}],"curies":[{"name":"wp","href":"https:\/\/api.w.org\/{rel}","templated":true}]}}