{"id":204356,"date":"2025-06-25T23:08:15","date_gmt":"2025-06-25T23:08:15","guid":{"rendered":"https:\/\/www.europesays.com\/fr\/204356\/"},"modified":"2025-06-25T23:08:15","modified_gmt":"2025-06-25T23:08:15","slug":"eurostar-et-tgv-a-larret-au-depart-de-lille-et-vers-londres","status":"publish","type":"post","link":"https:\/\/www.europesays.com\/fr\/204356\/","title":{"rendered":"Eurostar et TGV \u00e0 l\u2019arr\u00eat au d\u00e9part de Lille et vers Londres"},"content":{"rendered":"<p>\u00ab\u00a0SNCF R\u00e9seau a \u00e9t\u00e9 victime d\u2019un important acte de malveillance \u00e0 Lille: plus de 600 m\u00e8tres de c\u00e2ble ont \u00e9t\u00e9 vol\u00e9s ou coup\u00e9s au sud de la gare de Lille Europe. Les impacts sont essentiellement sur le trafic des trains \u00e0 grande vitesse\u00a0\u00bb, au d\u00e9part et \u00e0 l\u2019arriv\u00e9e de Lille Europe et Lille Flandres, mais le trafic des TER est \u00ab\u00a0possible\u00a0\u00bb, explique la <a href=\"https:\/\/www.sncf-voyageurs.com\/fr\/\" target=\"_blank\" rel=\"noopener\">SNCF.<\/a><\/p>\n<p>Eurostar demande aux passagers d\u2019annuler ou reporter leurs d\u00e9placements aujourd\u2019hui<\/p>\n<p>Les passagers d<a href=\"https:\/\/www.eurostar.com\/fr-fr\" target=\"_blank\" rel=\"noopener\">\u2018Eurostar<\/a> ont \u00e9t\u00e9 avertis ce matin (mercredi 25 juin) d\u2019annuler ou reporter leurs voyages apr\u00e8s que des retards et des annulations ont plong\u00e9 le service dans un \u00ab chaos total \u00bb.<\/p>\n<p>Encore un vol de c\u00e2bles<\/p>\n<p>Un important vol de c\u00e2bles pr\u00e8s de Lille a provoqu\u00e9 de graves perturbations sur la ligne \u00e0 grande vitesse dans les deux sens entre Londres et Paris, o\u00f9 des centaines de passagers attendraient de monter \u00e0 bord d\u2019un train.<\/p>\n<p>Des probl\u00e8mes ont \u00e9galement \u00e9t\u00e9 signal\u00e9s mardi 24 juin au soir<\/p>\n<p>La perturbation d\u2019aujourd\u2019hui fait suite aux longs retards subis mardi soir par les passagers, lorsque deux personnes ont \u00e9t\u00e9 heurt\u00e9es par des trains sur le r\u00e9seau transmanche. Un client a affirm\u00e9 sur les r\u00e9seaux sociaux que sa ni\u00e8ce handicap\u00e9e \u00ab n\u2019avait pas eu d\u2019autre choix que de dormir par terre \u00bb \u00e0 la gare du Nord, \u00e0 Paris, apr\u00e8s l\u2019annulation de son train pour Londres. \u00ab Ses vacances d\u2019anniversaire ont \u00e9t\u00e9 g\u00e2ch\u00e9es \u00bb, ont-ils ajout\u00e9.<\/p>\n<p>Le trafic des Eurostar devrait reprendre vers 16h ce mercredi.<\/p>\n","protected":false},"excerpt":{"rendered":"\u00ab\u00a0SNCF R\u00e9seau a \u00e9t\u00e9 victime d\u2019un important acte de malveillance \u00e0 Lille: plus de 600 m\u00e8tres de c\u00e2ble&hellip;\n","protected":false},"author":2,"featured_media":204357,"comment_status":"","ping_status":"","sticky":false,"template":"","format":"standard","meta":{"footnotes":""},"categories":[2815],"tags":[1111,11,1777,674,12932,1011,27,811,1307,12,25,2214,34319],"class_list":{"0":"post-204356","1":"post","2":"type-post","3":"status-publish","4":"format-standard","5":"has-post-thumbnail","7":"category-lille","8":"tag-actu","9":"tag-actualites","10":"tag-eu","11":"tag-europe","12":"tag-eurostar","13":"tag-fr","14":"tag-france","15":"tag-hauts-de-france","16":"tag-lille","17":"tag-news","18":"tag-republique-francaise","19":"tag-tgv","20":"tag-trains-a-larret-suite-a-un-vol-de-cables"},"share_on_mastodon":{"url":"https:\/\/pubeurope.com\/@fr\/114746523880460449","error":""},"_links":{"self":[{"href":"https:\/\/www.europesays.com\/fr\/wp-json\/wp\/v2\/posts\/204356","targetHints":{"allow":["GET"]}}],"collection":[{"href":"https:\/\/www.europesays.com\/fr\/wp-json\/wp\/v2\/posts"}],"about":[{"href":"https:\/\/www.europesays.com\/fr\/wp-json\/wp\/v2\/types\/post"}],"author":[{"embeddable":true,"href":"https:\/\/www.europesays.com\/fr\/wp-json\/wp\/v2\/users\/2"}],"replies":[{"embeddable":true,"href":"https:\/\/www.europesays.com\/fr\/wp-json\/wp\/v2\/comments?post=204356"}],"version-history":[{"count":0,"href":"https:\/\/www.europesays.com\/fr\/wp-json\/wp\/v2\/posts\/204356\/revisions"}],"wp:featuredmedia":[{"embeddable":true,"href":"https:\/\/www.europesays.com\/fr\/wp-json\/wp\/v2\/media\/204357"}],"wp:attachment":[{"href":"https:\/\/www.europesays.com\/fr\/wp-json\/wp\/v2\/media?parent=204356"}],"wp:term":[{"taxonomy":"category","embeddable":true,"href":"https:\/\/www.europesays.com\/fr\/wp-json\/wp\/v2\/categories?post=204356"},{"taxonomy":"post_tag","embeddable":true,"href":"https:\/\/www.europesays.com\/fr\/wp-json\/wp\/v2\/tags?post=204356"}],"curies":[{"name":"wp","href":"https:\/\/api.w.org\/{rel}","templated":true}]}}