{"id":204358,"date":"2025-06-25T23:09:11","date_gmt":"2025-06-25T23:09:11","guid":{"rendered":"https:\/\/www.europesays.com\/fr\/204358\/"},"modified":"2025-06-25T23:09:11","modified_gmt":"2025-06-25T23:09:11","slug":"previsions-du-jeudi-26-juin-2025","status":"publish","type":"post","link":"https:\/\/www.europesays.com\/fr\/204358\/","title":{"rendered":"pr\u00e9visions du jeudi 26 juin 2025"},"content":{"rendered":"<p>Marseille va conna\u00eetre une splendide journ\u00e9e particuli\u00e8rement ensoleill\u00e9e. L&rsquo;\u00e9t\u00e9 s&rsquo;est d\u00e9finitivement install\u00e9 puisque les valeurs s&rsquo;\u00e9chelonneront de 24 \u00e0 31\u00b0C. Un vent d&rsquo;ouest soufflera un peu, avec 16 km\/h. L&rsquo;apr\u00e8s-midi, de tr\u00e8s fortes chaleurs (entre 29\u00b0C et 31\u00b0C) sont annonc\u00e9es. Les temp\u00e9ratures s&rsquo;\u00e9chelonneront entre 29\u00b0C et 31\u00b0C, donnant \u00e0 la population l&rsquo;occasion de profiter de la belle saison. La ville va p\u00e2tir des grosses chaleurs avec des valeurs qui pourraient monter jusqu&rsquo;\u00e0 30\u00b0C le soir. Les temp\u00e9ratures tourneront autour des 29\u00b0C. C&rsquo;est un ciel clair que conna\u00eetra la nuit de jeudi \u00e0 vendredi.<\/p>\n<p>Demain, les Marseillais comme les touristes vont pouvoir b\u00e9n\u00e9ficier d&rsquo;un soleil radieux. C&rsquo;est une hausse de quelques degr\u00e9s que vont enregistrer les temp\u00e9ratures pour un temps de plus en plus estival. La ville va conna\u00eetre un passage d&rsquo;importantes chaleurs avec des valeurs qui rejoindront parfois les 33\u00b0C. Les temp\u00e9ratures afficheront entre 24 et 33\u00b0C, un temps r\u00e9solument de saison. La ville sera touch\u00e9e par un vent de nord-ouest de 23 km\/h. Les valeurs maximums pr\u00e9vues le matin sont \u00e9lev\u00e9es, avec 31\u00b0C. L&rsquo;\u00e9t\u00e9 s&rsquo;installe ! Les temp\u00e9ratures vont grimper pendant l&rsquo;apr\u00e8s-midi de plusieurs degr\u00e9s. Prenez garde \u00e0 la vague de chaud. Des temp\u00e9ratures de 32 \u00e0 33\u00b0C sont attendues. La soir\u00e9e va \u00eatre vraiment chaude : pr\u00e8s de 32\u00b0C.<\/p>\n<p>Peu d&rsquo;\u00e9volutions au fil des jours. On anticipe des journ\u00e9es ensoleill\u00e9es, avec des temp\u00e9ratures dans les 31\u00b0C en moyenne.<\/p>\n<p><\/p>\n","protected":false},"excerpt":{"rendered":"Marseille va conna\u00eetre une splendide journ\u00e9e particuli\u00e8rement ensoleill\u00e9e. L&rsquo;\u00e9t\u00e9 s&rsquo;est d\u00e9finitivement install\u00e9 puisque les valeurs s&rsquo;\u00e9chelonneront de 24&hellip;\n","protected":false},"author":2,"featured_media":204359,"comment_status":"","ping_status":"","sticky":false,"template":"","format":"standard","meta":{"footnotes":""},"categories":[2814],"tags":[1111,11,1777,674,1011,27,884,12,2119,882,25],"class_list":{"0":"post-204358","1":"post","2":"type-post","3":"status-publish","4":"format-standard","5":"has-post-thumbnail","7":"category-marseille","8":"tag-actu","9":"tag-actualites","10":"tag-eu","11":"tag-europe","12":"tag-fr","13":"tag-france","14":"tag-marseille","15":"tag-news","16":"tag-previsions-meteo","17":"tag-provence-alpes-cote-dazur","18":"tag-republique-francaise"},"share_on_mastodon":{"url":"https:\/\/pubeurope.com\/@fr\/114746527869849630","error":""},"_links":{"self":[{"href":"https:\/\/www.europesays.com\/fr\/wp-json\/wp\/v2\/posts\/204358","targetHints":{"allow":["GET"]}}],"collection":[{"href":"https:\/\/www.europesays.com\/fr\/wp-json\/wp\/v2\/posts"}],"about":[{"href":"https:\/\/www.europesays.com\/fr\/wp-json\/wp\/v2\/types\/post"}],"author":[{"embeddable":true,"href":"https:\/\/www.europesays.com\/fr\/wp-json\/wp\/v2\/users\/2"}],"replies":[{"embeddable":true,"href":"https:\/\/www.europesays.com\/fr\/wp-json\/wp\/v2\/comments?post=204358"}],"version-history":[{"count":0,"href":"https:\/\/www.europesays.com\/fr\/wp-json\/wp\/v2\/posts\/204358\/revisions"}],"wp:featuredmedia":[{"embeddable":true,"href":"https:\/\/www.europesays.com\/fr\/wp-json\/wp\/v2\/media\/204359"}],"wp:attachment":[{"href":"https:\/\/www.europesays.com\/fr\/wp-json\/wp\/v2\/media?parent=204358"}],"wp:term":[{"taxonomy":"category","embeddable":true,"href":"https:\/\/www.europesays.com\/fr\/wp-json\/wp\/v2\/categories?post=204358"},{"taxonomy":"post_tag","embeddable":true,"href":"https:\/\/www.europesays.com\/fr\/wp-json\/wp\/v2\/tags?post=204358"}],"curies":[{"name":"wp","href":"https:\/\/api.w.org\/{rel}","templated":true}]}}