{"id":204362,"date":"2025-06-25T23:11:17","date_gmt":"2025-06-25T23:11:17","guid":{"rendered":"https:\/\/www.europesays.com\/fr\/204362\/"},"modified":"2025-06-25T23:11:17","modified_gmt":"2025-06-25T23:11:17","slug":"premieres-pages-le-dispositif-sinstalle-a-lyon","status":"publish","type":"post","link":"https:\/\/www.europesays.com\/fr\/204362\/","title":{"rendered":"Premi\u00e8res Pages\u00a0: le dispositif s\u2019installe \u00e0 Lyon"},"content":{"rendered":"<p>Depuis 2009, le minist\u00e8re de la Culture a cr\u00e9\u00e9 le dispositif \u00ab\u00a0Premi\u00e8res Pages\u00a0\u00bb. Objectif : sensibiliser les familles, notamment les plus fragiles et les plus \u00e9loign\u00e9es du livre, \u00e0 l\u2019importance de la lecture, d\u00e8s le plus jeune \u00e2ge. Ce dispositif pr\u00e9sent dans plus de 90 lieux partenaires en France, fait son apparition dans la M\u00e9tropole de Lyon, \u00e0 Ecully.<\/p>\n<p>C\u2019est au c\u0153ur de la <strong>biblioth\u00e8que du quartier des Sources \u00e0 <a href=\"https:\/\/www.ecully.fr\/\" target=\"_blank\" rel=\"noreferrer noopener\">\u00c9cully<\/a><\/strong> que la <strong><a href=\"https:\/\/met.grandlyon.com\/des-bebes-et-des-bouquins\/\" target=\"_blank\" rel=\"noreferrer noopener\">M\u00e9tropole de Lyon<\/a><\/strong> a choisi de tester pour la premi\u00e8re fois le <a href=\"https:\/\/www.premierespages.fr\/\" target=\"_blank\" rel=\"noreferrer noopener\">dispositif<\/a> \u00ab\u00a0<strong>Premi\u00e8res Pages<\/strong>\u00a0\u00bb. Cette exp\u00e9rimentation correspond \u00e0 deux objectifs majeurs de la strat\u00e9gie culturelle m\u00e9tropolitaine\u00a0: faire de la culture un <strong>levier d\u2019inclusion sociale<\/strong>. Et <strong>renforcer l\u2019offre culturelle<\/strong> sur son territoire.<\/p>\n<p>Ecoutez le podcast<\/p>\n<p>Premi\u00e8res Pages<\/p>\n<p><strong>Magali Moret<\/strong>, charg\u00e9e de mission de la lecture publique \u00e0 la <strong>M\u00e9tropole de Lyon<\/strong>, revient sur ce dispositif\u00a0: \u00ab\u00a0C\u2019est un test d\u2019un dispositif national, qui s\u2019appelle \u00ab\u00a0<strong>Premi\u00e8res Pages<\/strong>\u00ab\u00a0. Avec ce dispositif, le but c\u2019est de travailler avec tous les <strong>acteurs de la petite enfance<\/strong> et aupr\u00e8s des parents. Nous on a voulu le faire dans un quartier \u00ab\u00a0<strong>Politique de la Ville<\/strong>\u00ab\u00a0\u2026 Cela nous semblait important, pour essayer de faire un maximum de liens entre les enfants et les parents. Et notamment \u00e0 travers la <strong>lecture<\/strong>. Donc avec le dispositif \u00ab\u00a0<strong>Premi\u00e8res Pages<\/strong>\u00a0\u00bb, aujourd\u2019hui les enfants qui sont n\u00e9s cette ann\u00e9e ou ceux qui vont na\u00eetre cette ann\u00e9e, on leur offre un album qui sera \u00e0 eux pour toute leur vie. C\u2019est leur <strong>album de naissance<\/strong> et le but c\u2019est de les faire venir \u00e0 la biblioth\u00e8que pour qu\u2019ensuite ils prennent des habitudes et qu\u2019on continue \u00e0 lire des livres aux enfants.\u00a0\u00bb<\/p>\n<p>Ecoutez aussi : <a href=\"https:\/\/www.lyondemain.fr\/fort-en-musiques-2025-trois-soirees-vibrantes-au-coeur-du-fort-de-bron\/\" target=\"_blank\" rel=\"noreferrer noopener\">Fort en Musiques 2025 : Trois soir\u00e9es vibrantes au c\u0153ur du Fort de Bron<\/a><\/p>\n<p><img fetchpriority=\"high\" decoding=\"async\" width=\"1200\" height=\"675\" src=\"https:\/\/www.europesays.com\/fr\/wp-content\/uploads\/2025\/06\/Premieres-pages-lecture.jpg\" alt=\"lecture\" class=\"wp-image-250186\"  \/><\/p>\n<p>Un soutien \u00e0 la parentalit\u00e9 dans les quartiers les plus fragiles<\/p>\n<p>Class\u00e9 dans les quartiers \u00ab\u00a0<strong>Politique de la Ville<\/strong>\u00ab\u00a0, les Sources \u00e0 \u00c9cully ont choisi de se porter volontaires pour accueillir ce dispositif afin d\u2019apporter un <strong>soutien \u00e0 la parentalit\u00e9 dans les quartiers les plus fragiles<\/strong>.<\/p>\n<p><strong>Jean-Philippe Cordin<\/strong>, adjoint en maire d\u00e9l\u00e9gu\u00e9 \u00e0 la famille, la jeunesse et la petite enfance, explique ce choix. \u00ab\u00a0Alors ce dispositif, en fin de compte, c\u2019est une d\u00e9marche du Minist\u00e8re de la Culture. Mais \u00e9galement de la M\u00e9tropole, et de la ville. Les jeunes maintenant sont tellement sollicit\u00e9s par les <strong>\u00e9crans<\/strong>, par les<strong> jeux vid\u00e9o<\/strong> etc. Ils vont avoir tendance \u00e0 ne pas favoriser le livre. Or le <strong>livre<\/strong> est vraiment capital, pour le d\u00e9veloppement du petit-enfant. \u00c7a participe \u00e0 faire fonctionner son imagination pour bien acqu\u00e9rir la <strong>langue fran\u00e7aise<\/strong>. \u00bb<\/p>\n<p>En lien avec la <strong>Protection Maternelle Infantile<\/strong>, tous les habitants des Sources ayant ou allant avoir un b\u00e9b\u00e9 cette ann\u00e9e ont \u00e9t\u00e9 convi\u00e9s pour venir r\u00e9cup\u00e9rer l\u2019album jeunesse.<\/p>\n<p>Ecoutez aussi : <a href=\"https:\/\/www.lyondemain.fr\/musee-lugdunum-et-theatres-romains-anniversaire\/\" target=\"_blank\" rel=\"noreferrer noopener\">Les 50 ans du Mus\u00e9e Lugdunum et Th\u00e9\u00e2tres Romains<\/a><\/p>\n<p>Un ouvrage r\u00e9alis\u00e9 par Elo, autrice et dessinatrice<\/p>\n<p>\u00ab\u00a0Ce petit moment, \u00e0 lire d\u00e8s la naissance\u00a0\u00bb est un ouvrage \u00e9crit par <a href=\"https:\/\/www.facebook.com\/share\/v\/1AwoPvyC1v\/\" target=\"_blank\" rel=\"noreferrer noopener\"><strong>Elo<\/strong>, <strong>autrice et dessinatrice<\/strong><\/a>. Il accompagnera les plus jeunes dans leur apprentissage de la lecture.<\/p>\n<p>Madame Abrandabi, m\u00e8re de six enfants et habitante des Sources, partage son ressenti sur le dispositif \u00ab\u00a0Premi\u00e8res Pages\u00a0\u00bb\u00a0: \u00ab\u00a0Je pense que c\u2019est la premi\u00e8re fois ici, et je trouve \u00e7a trop bien. C\u2019est nouveau parce que \u00e7a fait combien de temps que je suis \u00e0 \u00c9cully ? Depuis 2018. Je n\u2019ai jamais vu \u00e7a. J\u2019ai accouch\u00e9 trois fois \u00e0 \u00c9cully, et voil\u00e0 c\u2019est la premi\u00e8re fois que j\u2019ai \u00e9t\u00e9 invit\u00e9 pour le livre.\u00a0\u00bb<\/p>\n<p>Au total 300 livres seront remis dans les diff\u00e9rents accueils PMI des QPV de l\u2019agglom\u00e9ration. Et le dispositif devrait \u00eatre \u00e9largi \u00e0 d\u2019autres m\u00e9diath\u00e8ques volontaires tr\u00e8s prochainement.<\/p>\n<p>Ecoutez aussi : <a href=\"https:\/\/www.lyondemain.fr\/entre-rhone-et-saone-2025-festival-eau\/\" target=\"_blank\" rel=\"noreferrer noopener\">Entre Rh\u00f4ne et Sa\u00f4ne 2025 : baignade d\u00e9rivante et kart \u00e0 voile<\/a><\/p>\n<p><img loading=\"lazy\" decoding=\"async\" width=\"1200\" height=\"675\" src=\"https:\/\/www.europesays.com\/fr\/wp-content\/uploads\/2025\/06\/Premieres-Pages-premier-livre.jpg\" alt=\"Premi\u00e8res Pages\" class=\"wp-image-250185\"  \/><br \/>\nJ\u2019aime \u00e7a\u00a0:<\/p>\n<p>J\u2019aime chargement\u2026<\/p>\n<p><a class=\"sd-link-color\"\/><\/p>\n<p>\n\tArticles similaires\n<\/p>\n<p>\t\t\t\t<img decoding=\"async\" src=\"https:\/\/www.europesays.com\/fr\/wp-content\/uploads\/2025\/06\/1750893077_946_7866158698e17e8ed633c05e8f8e7fe5d9e057ad78661c4dc34e413abb6b9f19\" alt=\"G\u00e9rald Bouchon\"\/><\/p>\n<p>Pionnier des radios libres, passionn\u00e9 de radio, journaliste et dirigeant de m\u00e9dias \u00e9co-responsables..<\/p>\n","protected":false},"excerpt":{"rendered":"Depuis 2009, le minist\u00e8re de la Culture a cr\u00e9\u00e9 le dispositif \u00ab\u00a0Premi\u00e8res Pages\u00a0\u00bb. Objectif : sensibiliser les familles,&hellip;\n","protected":false},"author":2,"featured_media":204363,"comment_status":"","ping_status":"","sticky":false,"template":"","format":"standard","meta":{"footnotes":""},"categories":[1889],"tags":[1111,11,2430,8451,1719,1777,674,1011,27,15498,2046,34320,2428,10510,12,10585,6347,5116,25],"class_list":{"0":"post-204362","1":"post","2":"type-post","3":"status-publish","4":"format-standard","5":"has-post-thumbnail","7":"category-lyon","8":"tag-actu","9":"tag-actualites","10":"tag-auvergne-rhone-alpes","11":"tag-ecully","12":"tag-enfants","13":"tag-eu","14":"tag-europe","15":"tag-fr","16":"tag-france","17":"tag-inclusion","18":"tag-lecture","19":"tag-les-sources","20":"tag-lyon","21":"tag-metropole-de-lyon","22":"tag-news","23":"tag-petite-enfance","24":"tag-politique-de-la-ville","25":"tag-quartiers","26":"tag-republique-francaise"},"share_on_mastodon":{"url":"https:\/\/pubeurope.com\/@fr\/114746535863727013","error":""},"_links":{"self":[{"href":"https:\/\/www.europesays.com\/fr\/wp-json\/wp\/v2\/posts\/204362","targetHints":{"allow":["GET"]}}],"collection":[{"href":"https:\/\/www.europesays.com\/fr\/wp-json\/wp\/v2\/posts"}],"about":[{"href":"https:\/\/www.europesays.com\/fr\/wp-json\/wp\/v2\/types\/post"}],"author":[{"embeddable":true,"href":"https:\/\/www.europesays.com\/fr\/wp-json\/wp\/v2\/users\/2"}],"replies":[{"embeddable":true,"href":"https:\/\/www.europesays.com\/fr\/wp-json\/wp\/v2\/comments?post=204362"}],"version-history":[{"count":0,"href":"https:\/\/www.europesays.com\/fr\/wp-json\/wp\/v2\/posts\/204362\/revisions"}],"wp:featuredmedia":[{"embeddable":true,"href":"https:\/\/www.europesays.com\/fr\/wp-json\/wp\/v2\/media\/204363"}],"wp:attachment":[{"href":"https:\/\/www.europesays.com\/fr\/wp-json\/wp\/v2\/media?parent=204362"}],"wp:term":[{"taxonomy":"category","embeddable":true,"href":"https:\/\/www.europesays.com\/fr\/wp-json\/wp\/v2\/categories?post=204362"},{"taxonomy":"post_tag","embeddable":true,"href":"https:\/\/www.europesays.com\/fr\/wp-json\/wp\/v2\/tags?post=204362"}],"curies":[{"name":"wp","href":"https:\/\/api.w.org\/{rel}","templated":true}]}}