{"id":204370,"date":"2025-06-25T23:16:26","date_gmt":"2025-06-25T23:16:26","guid":{"rendered":"https:\/\/www.europesays.com\/fr\/204370\/"},"modified":"2025-06-25T23:16:26","modified_gmt":"2025-06-25T23:16:26","slug":"beyonce-et-jay-z-font-sensation-au-defile-louis-vuitton-a-paris","status":"publish","type":"post","link":"https:\/\/www.europesays.com\/fr\/204370\/","title":{"rendered":"Beyonc\u00e9 et Jay-Z font sensation au d\u00e9fil\u00e9 Louis Vuitton \u00e0 Paris"},"content":{"rendered":"<p>Alors qu&rsquo;elle parcourt le monde avec sa tourn\u00e9e Cowboy Carter, <strong>Beyonc\u00e9<\/strong> a prolong\u00e9 son s\u00e9jour \u00e0 Paris pour assister, aux c\u00f4t\u00e9s de <strong>Jay-Z<\/strong>, au d\u00e9fil\u00e9 <a href=\"https:\/\/www.vogue.fr\/dossier\/louis-vuitton\" target=\"_blank\" rel=\"noopener\"><strong>Louis Vuitton<\/strong><\/a> homme printemps-\u00e9t\u00e9 2006.<\/p>\n<p>Retour sur l&rsquo;apparition de Beyonc\u00e9 au d\u00e9fil\u00e9 Louis Vuitton<\/p>\n<p>Ami de longue date de <strong>Pharrell Williams<\/strong>, directeur de la cr\u00e9ation de <strong>Louis Vuitton<\/strong> pour la mode masculine, le couple s&rsquo;est joint \u00e0 la foule au devant du Centre Pompidou \u00e0 Paris. La chanteuse portait une combinaison en jean \u00e0 manches longues cintr\u00e9e par une ceinture en cuir marron dot\u00e9e boucle western argent\u00e9e, qu&rsquo;elle a coordonn\u00e9e avec un <a href=\"https:\/\/www.vogue.fr\/article\/tendance-chapeau-cow-boy\" target=\"_blank\" rel=\"noopener\">chapeau de cow-boy<\/a>, une veste volumineuse fluffy, un sac \u00e0 main orn\u00e9, une paire de chaussures compens\u00e9es noires \u00e0 bout ouvert et un <a href=\"https:\/\/www.vogue.fr\/joaillerie\/galerie\/colliers-diamant-xxs-delicats-precieux\" target=\"_blank\" rel=\"noopener\">collier en diamants<\/a> spectaculaire sign\u00e9 <strong>Messika<\/strong>.<\/p>\n<p>Lyvans Boolaky\/Getty Images<\/p>\n<p><strong>Jay-Z<\/strong>, quant \u00e0 lui, est rest\u00e9 plus discret. Il portait un <a href=\"https:\/\/www.vogue.fr\/mode\/article\/t-shirt-blanc-selection-shopping\" target=\"_blank\" rel=\"noopener\">tee-shirt blanc<\/a>, un pantalon noir, une ceinture avec une boucle XXL et une veste en cuir noir avec des panneaux en velours orn\u00e9s du monogramme de la maison fran\u00e7aise. Le matin m\u00eame, le couple avait \u00e9t\u00e9 aper\u00e7u \u00e0 la <strong>Fondation Louis Vuitton<\/strong>. <strong>Beyonc\u00e9<\/strong> portait alors un costume immacul\u00e9 structur\u00e9 \u00e0 double boutonnage et un chapeau de cow-boy assorti, tandis que son mari arborait un tee-shirt \u00e0 l&rsquo;effigie Cowboy Carter.<\/p>\n<p>Un soutien infaillible \u00e0 Pharrell Williams<\/p>\n<p>Ce n&rsquo;est pas la premi\u00e8re fois que <strong>Jay-Z<\/strong> et <strong>Beyonc\u00e9<\/strong> affichent leur soutien \u00e0 <a href=\"https:\/\/www.vogue.fr\/article\/louis-vuitton-pharrell-williams-printemps-ete-2026\" target=\"_blank\" rel=\"noopener\"><strong>Pharrell Williams<\/strong><\/a>. Il y a presque deux ans jour pour jour, le duo \u00e9tait assis au premier rang du d\u00e9fil\u00e9 printemps-\u00e9t\u00e9 2024. Aujourd&rsquo;hui, neuf collections et un album entier plus tard, <strong>Jay-Z et Beyonc\u00e9<\/strong> sont \u00e0 nouveau l\u00e0.<\/p>\n","protected":false},"excerpt":{"rendered":"Alors qu&rsquo;elle parcourt le monde avec sa tourn\u00e9e Cowboy Carter, Beyonc\u00e9 a prolong\u00e9 son s\u00e9jour \u00e0 Paris pour&hellip;\n","protected":false},"author":2,"featured_media":204371,"comment_status":"","ping_status":"","sticky":false,"template":"","format":"standard","meta":{"footnotes":""},"categories":[1888],"tags":[1111,1928,11,1927,1777,674,992,27553,34204,1011,27,985,12,1926,626,1925,25,18401],"class_list":{"0":"post-204370","1":"post","2":"type-post","3":"status-publish","4":"format-standard","5":"has-post-thumbnail","7":"category-paris","8":"tag-actu","9":"tag-actu-paris","10":"tag-actualites","11":"tag-actualites-paris","12":"tag-eu","13":"tag-europe","14":"tag-fashion-week","15":"tag-fashion-week-homme","16":"tag-fashion-week-paris","17":"tag-fr","18":"tag-france","19":"tag-mode","20":"tag-news","21":"tag-news-paris","22":"tag-paris","23":"tag-paris-news","24":"tag-republique-francaise","25":"tag-vogue-digital"},"share_on_mastodon":{"url":"https:\/\/pubeurope.com\/@fr\/114746555609934332","error":""},"_links":{"self":[{"href":"https:\/\/www.europesays.com\/fr\/wp-json\/wp\/v2\/posts\/204370","targetHints":{"allow":["GET"]}}],"collection":[{"href":"https:\/\/www.europesays.com\/fr\/wp-json\/wp\/v2\/posts"}],"about":[{"href":"https:\/\/www.europesays.com\/fr\/wp-json\/wp\/v2\/types\/post"}],"author":[{"embeddable":true,"href":"https:\/\/www.europesays.com\/fr\/wp-json\/wp\/v2\/users\/2"}],"replies":[{"embeddable":true,"href":"https:\/\/www.europesays.com\/fr\/wp-json\/wp\/v2\/comments?post=204370"}],"version-history":[{"count":0,"href":"https:\/\/www.europesays.com\/fr\/wp-json\/wp\/v2\/posts\/204370\/revisions"}],"wp:featuredmedia":[{"embeddable":true,"href":"https:\/\/www.europesays.com\/fr\/wp-json\/wp\/v2\/media\/204371"}],"wp:attachment":[{"href":"https:\/\/www.europesays.com\/fr\/wp-json\/wp\/v2\/media?parent=204370"}],"wp:term":[{"taxonomy":"category","embeddable":true,"href":"https:\/\/www.europesays.com\/fr\/wp-json\/wp\/v2\/categories?post=204370"},{"taxonomy":"post_tag","embeddable":true,"href":"https:\/\/www.europesays.com\/fr\/wp-json\/wp\/v2\/tags?post=204370"}],"curies":[{"name":"wp","href":"https:\/\/api.w.org\/{rel}","templated":true}]}}