{"id":204372,"date":"2025-06-25T23:17:18","date_gmt":"2025-06-25T23:17:18","guid":{"rendered":"https:\/\/www.europesays.com\/fr\/204372\/"},"modified":"2025-06-25T23:17:18","modified_gmt":"2025-06-25T23:17:18","slug":"la-jeune-creativite-sexprime-a-paris-avec-jeanne-friot-hed-mayner-3-paradis-et-egonlab","status":"publish","type":"post","link":"https:\/\/www.europesays.com\/fr\/204372\/","title":{"rendered":"La jeune cr\u00e9ativit\u00e9 s\u2019exprime \u00e0 Paris avec Jeanne Friot, Hed Mayner, 3.Paradis et Egonlab"},"content":{"rendered":"<p class=\"article-content col-md-8 offset-md-1\">\n                                Ce deuxi\u00e8me jour des d\u00e9fil\u00e9s masculins \u00e0 Paris, d\u00e9di\u00e9s au printemps-\u00e9t\u00e9 2026, s\u2019est r\u00e9v\u00e9l\u00e9 enrichissant avec des propositions vari\u00e9es m\u00ealant all\u00e8grement les styles. Nombreux sont les jeunes cr\u00e9ateurs qui cr\u00e9ent des pi\u00e8ces inventives. Elles sont parfois excessives, parfois tr\u00e8s portables, mais toujours avec un point de vue affirm\u00e9. Comme c\u2019\u00e9tait le cas notamment chez Jeanne Friot, <a class=\"fnwAddLinks\" href=\"https:\/\/be.fashionnetwork.com\/tags-hed-mayner\" title=\"Hed Mayner\" target=\"_blank\" rel=\"noopener\">Hed Mayner<\/a>, 3.Paradis et Egonlab.<br \/>\u00a0<br class=\"clear\"\/><\/p>\n<p><a class=\"btn btn-dark\" target=\"_blank\" href=\"https:\/\/fr.fashionnetwork.com\/galeries\/photos\/Jeanne-Friot,72194.html\" rel=\"noopener\">Voir le d\u00e9fil\u00e9<\/a><img decoding=\"async\" class=\"news-image\" style=\"width:100%;\" src=\"https:\/\/www.europesays.com\/fr\/wp-content\/uploads\/2025\/06\/40a0.jpg\" alt=\"Jeanne Friot, printemps-\u00e9t\u00e9 2026\" loading=\"lazy\"\/>Jeanne Friot, printemps-\u00e9t\u00e9 2026 &#8211; \u00a9Launchmetrics\/spotlight<\/p>\n<p class=\"col-md-8 offset-md-1 article-content--texte\">Jeanne Friot affiche plus que jamais son engagement pour une mode responsable et inclusive avec un d\u00e9fil\u00e9 manifeste, dont le titre est tout simplement \u00ab\u00a0R\u00e9sistance\u00a0\u00bb. Par les temps qui courent, tout un programme! Que ce soit dans le public, qui endosse les accessoires et les mod\u00e8les les plus embl\u00e9matiques de la cr\u00e9atrice lesbienne, ou sur le podium, c&rsquo;est la m\u00eame communaut\u00e9 queer qui s&rsquo;est rassembl\u00e9e pour ce moment de communion combattive avec un casting \u00ab\u00a0100% trans et non binaire\u00a0\u00bb.<br \/>\u00a0<br \/>\u00ab\u00a0Ce sont des activistes et ami-e-s, qui ont amen\u00e9 \u00e0 leur tour leurs ami-e-s\u00a0\u00bb, glisse la styliste, finaliste prix de l\u2019<a class=\"fnwAddLinks\" href=\"https:\/\/be.fashionnetwork.com\/tags-andam\" title=\"Andam\" target=\"_blank\" rel=\"noopener\">Andam<\/a> cette ann\u00e9e, qui explique avoir voulu \u00ab\u00a0offrir un moment de joie \u00e0 cette communaut\u00e9 meurtrie avec ce qui se passe aux \u00c9tats-Unis et globalement dans le monde. J\u2019ai voulu leur donner un moment d\u2019unisson\u00a0\u00bb.<\/p>\n<p class=\"col-md-8 offset-md-1 article-content--texte\">Les cils paillet\u00e9s, les ongles longs peints, se dressant fi\u00e8rement dans leurs imposantes bottes de cavali\u00e8re montant jusqu\u2019au genou et au-del\u00e0, r\u00e9alis\u00e9es \u00e0 partir de multiples ceintures -signature de Jeanne Friot-, les mannequins d\u00e9filent avec orgueil et \u00e9motion. Lorsque le dernier mod\u00e8le enserr\u00e9 dans une robe bustier compos\u00e9e de ceintures noires vernies, telle une armure, l\u00e8ve le poing au ciel, les applaudissements redoublent et quelques larmes glissent sur les joues.<br \/>\u00a0<br \/>En faisant toujours appel \u00e0 des tissus dormants, Jeanne Friot retravaille ses classiques dans des total looks blancs, rose p\u00e2le et bleu p\u00e2le, les couleurs du drapeau de la Fiert\u00e9 transgenre. Les costumes et larges bermudas referm\u00e9s par des attaches \u00e0 boucle, sont l\u00e9gers et fluides, des petits blousons doudounes aux imprim\u00e9s \u00e9cossais se portent avec des mini shorts. Les kilts tartans en soie sont construits de mani\u00e8re asym\u00e9trique. Un micro tailleur est taill\u00e9 dans un tweed bleu \u00e9lectrique. Ne manquent pas, bien s\u00fbr, les pi\u00e8ces plus \u00ab\u00a0strong\u00a0\u00bb en coton noir, ajour\u00e9es par des \u0153illets m\u00e9talliques.<\/p>\n<p><a class=\"btn btn-dark\" target=\"_blank\" href=\"https:\/\/fr.fashionnetwork.com\/galeries\/photos\/Hed-Mayner,72200.html\" rel=\"noopener\">Voir le d\u00e9fil\u00e9<\/a><img decoding=\"async\" class=\"news-image\" style=\"width:100%;max-width:645px;\" src=\"https:\/\/www.europesays.com\/fr\/wp-content\/uploads\/2025\/06\/4ab4.jpg\" alt=\"Hed Mayner, printemps-\u00e9t\u00e9 2026\" loading=\"lazy\"\/>Hed Mayner, printemps-\u00e9t\u00e9 2026 &#8211; \u00a9Launchmetrics\/spotlight<\/p>\n<p class=\"col-md-8 offset-md-1 article-content--texte\">\u00a0<br \/>Hed Mayner se d\u00e9leste des grands volumes, des structures monumentales et protectrices, qu\u2019il affectionnait jusqu\u2019ici pour \u00e9voluer vers une silhouette plus l\u00e9g\u00e8re et d\u00e9licate avec des mises fluides, mais aussi plus pr\u00e8s du corps, ainsi qu&rsquo;avec des d\u00e9tails plus mani\u00e9r\u00e9s, presque baroques, comme ces blouses et petits manteaux tapisserie \u00e0 grosses fleurs, ces ensembles pyjama \u00e0 imprim\u00e9s, ces foulards color\u00e9s port\u00e9s en fichu, ces jupes mouchoir taill\u00e9e dans des nappes ou foulards, ces ensembles en organza smock\u00e9.<br \/>\u00a0<br \/>Les costumes pantalons\u00a0ou bermudas l\u00e2ches, priv\u00e9s de leurs \u00e9paules carrur\u00e9es, sont toujours aussi d\u00e9sirables, impeccablement coup\u00e9s dans des laines fra\u00eeches d\u00e9licates et autres tissus \u00e0 fines rayures, dans lesquels le designer isra\u00e9lien taille volontiers aussi des \u00e9toles \u00e0 jeter sur les \u00e9paules. Tout glisse et fluctue sur le corps avec naturel et \u00e9l\u00e9gance. Parfois les vestes sont priv\u00e9es de manches pour un plus grand confort.<br \/>\u00a0<br \/>Hed Mayner privil\u00e9gie les total looks et les tenues simples avec deux trois pi\u00e8ces essentielles, comme une veste marine presque cintr\u00e9e associ\u00e9e \u00e0 un jean d\u00e9chir\u00e9, la veste-gilet sur le cardigan, le pull marine sur la chemise blanche avec un imper et un denim. Le tout est toujours parfaitement proportionn\u00e9 et adouci dans les formes gr\u00e2ce \u00e0 un travail pr\u00e9cis sur les arrondis et les drap\u00e9s. Les v\u00eatements sont vid\u00e9s de leur structure, ils ondulent le long du corps avec, \u00e0 chaque fois, le juste tomb\u00e9.<\/p>\n<p><a class=\"btn btn-dark\" target=\"_blank\" href=\"https:\/\/fr.fashionnetwork.com\/galeries\/photos\/3-Paradis,72199.html\" rel=\"noopener\">Voir le d\u00e9fil\u00e9<\/a><img decoding=\"async\" class=\"news-image\" style=\"width:100%;max-width:645px;\" src=\"https:\/\/www.europesays.com\/fr\/wp-content\/uploads\/2025\/06\/103b.jpg\" alt=\"3.Paradis, printemps-\u00e9t\u00e9 2026\" loading=\"lazy\"\/>3.Paradis, printemps-\u00e9t\u00e9 2026 &#8211; \u00a9Launchmetrics\/spotlight<\/p>\n<p class=\"col-md-8 offset-md-1 article-content--texte\">\u00a0<br \/>Apr\u00e8s la neige de l\u2019hiver dernier, Emeric Tchatchoua couvre son podium de sable fin avec, cerise sur le g\u00e2teau, de grands spots r\u00e9chauffant braqu\u00e9s sur la piste et les spectateurs. Pour l\u2019\u00e9t\u00e9 2026, le cr\u00e9ateur de la marque 3.Paradis\u00a0imagine un voyage all\u00e9gorique dans le d\u00e9sert, o\u00f9 l\u2019on croise toutes sortes de personnages, du rappeur French Montana, \u00e9l\u00e9gant et relax dans une veste de smoking blanche d\u00e9structur\u00e9e \u00e0 Jean-Charles Castelbajac v\u00eatu d\u2019un immense trench beige en cuir.<br \/>\u00a0<br \/>Sans oublier, bien s\u00fbr, le Petit Prince, cit\u00e9 en jacquard dans un chandail, dessin\u00e9 au bas d\u2019une chemise bleu nuit \u00e0 la recherche de son \u00e9toile ou \u00e0 travers les dessins d&rsquo;Antoine de Saint-Exup\u00e9ry repris dans des t-shirts. Parmi les rencontres inattendues dans cet oc\u00e9an de sable, cet homme en manteau de laine sombre couverts de montres vintage, motif que l\u2019on trouve brod\u00e9 aussi sur divers pantalons. Un vendeur \u00e0 la sauvette ou le symbole du temps qui fuit (ou se dilate dans le d\u00e9sert)?<br \/>\u00a0<br \/>Les mannequins traversent ce d\u00e9sert comme ployant sous la chaleur, au ralenti, en zigzagant. Une s\u00e9rie de tenues aux teintes chaudes ou couleurs de sable ouvre le d\u00e9fil\u00e9. Des costumes crois\u00e9s d\u00e9contract\u00e9s, des pantalons amples \u00e0 multi tailles comme si quatre exemplaires \u00e9taient enfil\u00e9s l\u2019un sur l\u2019autre, des cardigans boutonn\u00e9s en diagonale. Le dessin du vent dans les dunes est repris dans des plis et ondulations qui fa\u00e7onnent certaines manches et pantalons, tandis que le sable s\u2019empare en poudre argent\u00e9 d\u2019un tulle appos\u00e9 comme une voile lat\u00e9rale dans une chemise priv\u00e9e d\u2019une manche.<br \/>\u00a0<br \/>Au fur et \u00e0 mesure, la collection s\u2019anime de couleurs fortes et vibrantes avec des tenues plus urbaines et d\u00e9contract\u00e9es. A l\u2019instar de ces ensembles camouflages parsem\u00e9s de brillants ou de ces costumes noirs qui s\u2019illuminent sur le devant de jaune et d\u2019oranger \u00e0 coup de gros coups de pinceaux. On retrouve la colombe symbole de la marque sur des shorts couleur ciel, port\u00e9s torse nu, avec juste une chemise \u00e0 rayures fines transform\u00e9e en sac de plage \u00e0 porter en bandouli\u00e8re. La palette explose via des chemisettes orange fluo et des pantalons et blousons rose shocking.<br \/>\u00a0<br class=\"clear\"\/><\/p>\n<p><a class=\"btn btn-dark\" target=\"_blank\" href=\"https:\/\/fr.fashionnetwork.com\/galeries\/photos\/Egonlab,72208.html\" rel=\"noopener\">Voir le d\u00e9fil\u00e9<\/a><img decoding=\"async\" class=\"news-image\" style=\"width:100%;max-width:645px;\" src=\"https:\/\/www.europesays.com\/fr\/wp-content\/uploads\/2025\/06\/89e2.jpg\" alt=\"Egonlab, printemps-\u00e9t\u00e9 2026\" loading=\"lazy\"\/>Egonlab, printemps-\u00e9t\u00e9 2026 &#8211; \u00a9Launchmetrics\/spotlight<\/p>\n<p class=\"col-md-8 offset-md-1 article-content--texte\">Egonlab vise le haut de gamme, d\u00e9laissant son c\u00f4t\u00e9 punk urbain (malgr\u00e9 de belles bottes de cow-boy) pour se concentrer toujours plus sur la partie tailleur, dont les mille variations et possibilit\u00e9s semblent donner davantage de plaisir aux stylistes Florentin Gl\u00e9marec et K\u00e9vin Nompeix. Les proportions des costumes sont revues avec des vestes qui s\u2019allongent jusqu\u2019au bas des fesses se drapant dans le dos, munies d&rsquo;ouvertures sous les aisselles, qui permettent de les enfiler sans manches. Les pantalons \u00e0 pinces peuvent se resserrer \u00e0 la cheville gr\u00e2ce \u00e0 une bandelette boutonn\u00e9e.<br \/>\u00a0<br \/>Cette saison, le duo joue plus que jamais avec les d\u00e9tails. Les manchettes des vestes sont exag\u00e9r\u00e9ment grandes avec un tissu en contraste (blanc sur un costume noir ou beige), tout comme les revers des pantalons, qui sont relev\u00e9s bien haut retenus par un bouton, d\u00e9voilant la doublure \u00e0 carreaux d\u2019un jean couleur rouille, ou la toile blanche \u00e0 l\u2019int\u00e9rieur d\u2019un denim bleu, et encore celle coton blanc \u00e0 fines rayures bleues dans un pantalon camel. Summum du chic, les revers des manches courtes de certaines chemises sont referm\u00e9es par des boutons de manchette. A noter aussi les pattes d\u2019\u00e9paules \u00e0 rallonge des trenchs et des chemises militaires.<br \/>\u00a0<br \/>Le reste de la collection se distingue par des effets de style pas forc\u00e9ment utiles comme ces grands cols (heureusement amovibles) de Pierrot lunaire en forme de gondoles. Florentin Gl\u00e9marec et K\u00e9vin Nompeix s\u2019amusent aussi \u00e0 d\u00e9doubler les v\u00eatements (les petits cardigans pr\u00e8s du corps se portent par deux), voire \u00e0 les tripler (les chaussettes s\u2019enfilent par trois). Le d\u00e9fil\u00e9 se cl\u00f4t enfin par une chemise en dentelle blanche rigide, comme fix\u00e9e et congel\u00e9e dans son mouvement ondulant autour du corps, qui semble une armure bien encombrante \u00e0 porter.\n                            <\/p>\n<p>\n                                Tous droits de reproduction et de repr\u00e9sentation r\u00e9serv\u00e9s.<br \/>\u00a9 2025 FashionNetwork.com\n                            <\/p>\n","protected":false},"excerpt":{"rendered":"Ce deuxi\u00e8me jour des d\u00e9fil\u00e9s masculins \u00e0 Paris, d\u00e9di\u00e9s au printemps-\u00e9t\u00e9 2026, s\u2019est r\u00e9v\u00e9l\u00e9 enrichissant avec des propositions&hellip;\n","protected":false},"author":2,"featured_media":204373,"comment_status":"","ping_status":"","sticky":false,"template":"","format":"standard","meta":{"footnotes":""},"categories":[1888],"tags":[11,32585,2424,537,2423,1777,674,1011,27,32985,34322,2425,985,12,2298,626,2426,2427,25,2421,2422],"class_list":{"0":"post-204372","1":"post","2":"type-post","3":"status-publish","4":"format-standard","5":"has-post-thumbnail","7":"category-paris","8":"tag-actualites","9":"tag-andam","10":"tag-beaute","11":"tag-contact","12":"tag-cosmetiques","13":"tag-eu","14":"tag-europe","15":"tag-fr","16":"tag-france","17":"tag-hed-mayner","18":"tag-jean-charles-de-castelbajac","19":"tag-luxe","20":"tag-mode","21":"tag-news","22":"tag-parfum","23":"tag-paris","24":"tag-professionnel","25":"tag-professionnels","26":"tag-republique-francaise","27":"tag-reseau","28":"tag-textile"},"share_on_mastodon":{"url":"https:\/\/pubeurope.com\/@fr\/114746559515269222","error":""},"_links":{"self":[{"href":"https:\/\/www.europesays.com\/fr\/wp-json\/wp\/v2\/posts\/204372","targetHints":{"allow":["GET"]}}],"collection":[{"href":"https:\/\/www.europesays.com\/fr\/wp-json\/wp\/v2\/posts"}],"about":[{"href":"https:\/\/www.europesays.com\/fr\/wp-json\/wp\/v2\/types\/post"}],"author":[{"embeddable":true,"href":"https:\/\/www.europesays.com\/fr\/wp-json\/wp\/v2\/users\/2"}],"replies":[{"embeddable":true,"href":"https:\/\/www.europesays.com\/fr\/wp-json\/wp\/v2\/comments?post=204372"}],"version-history":[{"count":0,"href":"https:\/\/www.europesays.com\/fr\/wp-json\/wp\/v2\/posts\/204372\/revisions"}],"wp:featuredmedia":[{"embeddable":true,"href":"https:\/\/www.europesays.com\/fr\/wp-json\/wp\/v2\/media\/204373"}],"wp:attachment":[{"href":"https:\/\/www.europesays.com\/fr\/wp-json\/wp\/v2\/media?parent=204372"}],"wp:term":[{"taxonomy":"category","embeddable":true,"href":"https:\/\/www.europesays.com\/fr\/wp-json\/wp\/v2\/categories?post=204372"},{"taxonomy":"post_tag","embeddable":true,"href":"https:\/\/www.europesays.com\/fr\/wp-json\/wp\/v2\/tags?post=204372"}],"curies":[{"name":"wp","href":"https:\/\/api.w.org\/{rel}","templated":true}]}}