{"id":204377,"date":"2025-06-25T23:20:13","date_gmt":"2025-06-25T23:20:13","guid":{"rendered":"https:\/\/www.europesays.com\/fr\/204377\/"},"modified":"2025-06-25T23:20:13","modified_gmt":"2025-06-25T23:20:13","slug":"sur-le-volet-diplomatique-lukraine-fait-face-a-une-semaine-determinante","status":"publish","type":"post","link":"https:\/\/www.europesays.com\/fr\/204377\/","title":{"rendered":"Sur le volet diplomatique, l&rsquo;Ukraine fait face \u00e0 une semaine d\u00e9terminante"},"content":{"rendered":"<p>Alors que le sommet de l&rsquo;Otan n&rsquo;a pas, contrairement aux ann\u00e9es pr\u00e9c\u00e9dentes, condamn\u00e9 directement l&rsquo;agression russe contre l&rsquo;Ukraine, Kiev se tourne ce jeudi 26 juin vers le sommet de l&rsquo;Union europ\u00e9enne. Bruxelles a d\u00e9j\u00e0 fourni 150 milliards d&rsquo;euros \u00e0 l&rsquo;Ukraine, dont 1\/3 en aide militaire, et les sanctions sur la Russie ainsi que le processus d&rsquo;\u00e9ventuels pourparlers de paix devraient \u00eatre au programme. Mais du c\u00f4t\u00e9 de Kiev, la pr\u00e9occupation premi\u00e8re est celle de la d\u00e9fense du pays.<\/p>\n<p>Avec notre correspondante \u00e0 Kiev, <strong>Emmanuelle Chaze<\/strong><\/p>\n<p>Sur le volet diplomatique, l&rsquo;Ukraine fait face \u00e0 une semaine d\u00e9terminante. La rencontre de Volodymyr Zelensky avec Donald Trump lors du sommet de l&rsquo;Otan a permis \u00e0 Kiev de garder espoir quant \u00e0 de possibles livraisons de syst\u00e8mes de d\u00e9fense anti-a\u00e9riens Patriot, dont le pays a grandement besoin pour faire face aux frappes russes meurtri\u00e8res et quotidiennes.<\/p>\n<p>Mais le pr\u00e9sident ukrainien avait d\u00e9j\u00e0 annonc\u00e9 il y a quelques jours la n\u00e9cessit\u00e9 d&rsquo;une nouvelle strat\u00e9gie pour son pays : face aux limitations budg\u00e9taires de certains alli\u00e9s de l&rsquo;Ukraine, aux atermoiements d&rsquo;autres et \u00e0 de possibles inconnus quant \u00e0 la livraison d&rsquo;\u00e9quipement d\u00e9j\u00e0 promis, l&rsquo;Ukraine souhaite d\u00e9velopper le plus rapidement sa propre production d&rsquo;armements.<\/p>\n<p>Kiev propose non seulement des achats d&rsquo;\u00e9quipement \u00e0 l&rsquo;\u00e9tranger, mais aussi l&rsquo;\u00e9tablissement de partenariats pour la production qui lui permettrait d&rsquo;exporter son expertise, notamment en mati\u00e8re de drones et d&rsquo;artillerie, aupr\u00e8s de ses partenaires europ\u00e9ens qui se sont engag\u00e9s aux Pays-Bas \u00e0 augmenter leur budget d\u00e9fense pour atteindre les 5% de leur produit int\u00e9rieur brut.<\/p>\n<p><a href=\"https:\/\/www.rfi.fr\/fr\/europe\/20250625-sur-le-volet-diplomatique-l-ukraine-fait-face-%C3%A0-une-semaine-d%C3%A9terminante\" rel=\"nofollow noopener\" target=\"_blank\" data-ylk=\"slk:Lire la suite sur RFI;elm:context_link;itc:0;sec:content-canvas\" class=\"link \">Lire la suite sur RFI<\/a><\/p>\n","protected":false},"excerpt":{"rendered":"Alors que le sommet de l&rsquo;Otan n&rsquo;a pas, contrairement aux ann\u00e9es pr\u00e9c\u00e9dentes, condamn\u00e9 directement l&rsquo;agression russe contre l&rsquo;Ukraine,&hellip;\n","protected":false},"author":2,"featured_media":204378,"comment_status":"","ping_status":"","sticky":false,"template":"","format":"standard","meta":{"footnotes":""},"categories":[1590],"tags":[11,75,1910,1777,674,11229,5493,12,34130,220,134],"class_list":{"0":"post-204377","1":"post","2":"type-post","3":"status-publish","4":"format-standard","5":"has-post-thumbnail","7":"category-ukraine","8":"tag-actualites","9":"tag-donald-trump","10":"tag-emmanuelle-chaze","11":"tag-eu","12":"tag-europe","13":"tag-kiev","14":"tag-lukraine","15":"tag-news","16":"tag-sommet-de-lotan","17":"tag-ukraine","18":"tag-volodymyr-zelensky"},"share_on_mastodon":{"url":"https:\/\/pubeurope.com\/@fr\/114746571064551225","error":""},"_links":{"self":[{"href":"https:\/\/www.europesays.com\/fr\/wp-json\/wp\/v2\/posts\/204377","targetHints":{"allow":["GET"]}}],"collection":[{"href":"https:\/\/www.europesays.com\/fr\/wp-json\/wp\/v2\/posts"}],"about":[{"href":"https:\/\/www.europesays.com\/fr\/wp-json\/wp\/v2\/types\/post"}],"author":[{"embeddable":true,"href":"https:\/\/www.europesays.com\/fr\/wp-json\/wp\/v2\/users\/2"}],"replies":[{"embeddable":true,"href":"https:\/\/www.europesays.com\/fr\/wp-json\/wp\/v2\/comments?post=204377"}],"version-history":[{"count":0,"href":"https:\/\/www.europesays.com\/fr\/wp-json\/wp\/v2\/posts\/204377\/revisions"}],"wp:featuredmedia":[{"embeddable":true,"href":"https:\/\/www.europesays.com\/fr\/wp-json\/wp\/v2\/media\/204378"}],"wp:attachment":[{"href":"https:\/\/www.europesays.com\/fr\/wp-json\/wp\/v2\/media?parent=204377"}],"wp:term":[{"taxonomy":"category","embeddable":true,"href":"https:\/\/www.europesays.com\/fr\/wp-json\/wp\/v2\/categories?post=204377"},{"taxonomy":"post_tag","embeddable":true,"href":"https:\/\/www.europesays.com\/fr\/wp-json\/wp\/v2\/tags?post=204377"}],"curies":[{"name":"wp","href":"https:\/\/api.w.org\/{rel}","templated":true}]}}