{"id":204399,"date":"2025-06-25T23:34:12","date_gmt":"2025-06-25T23:34:12","guid":{"rendered":"https:\/\/www.europesays.com\/fr\/204399\/"},"modified":"2025-06-25T23:34:12","modified_gmt":"2025-06-25T23:34:12","slug":"ce-nest-pas-comme-ca-quon-gagne","status":"publish","type":"post","link":"https:\/\/www.europesays.com\/fr\/204399\/","title":{"rendered":"Ce n&rsquo;est pas comme \u00e7a qu&rsquo;on gagne"},"content":{"rendered":"<p><a href=\"https:\/\/fr.motorsport.com\/driver\/fabio-di-giannantonio\/289538\/\" target=\"_blank\" rel=\"noopener\">Fabio Di Giannantonio<\/a> a connu des performances en dents de scie depuis le d\u00e9but de la saison. D&rsquo;abord d\u00e9savantag\u00e9 par sa blessure lors des tests de pr\u00e9-saison, qui l&rsquo;a <a href=\"https:\/\/fr.motorsport.com\/motogp\/news\/di-giannantonio-enfin-gomme-deficit-pre-saison\/10722607\/\" target=\"_blank\" rel=\"noopener\">priv\u00e9 des bons rep\u00e8res sur sa Ducati jusqu&rsquo;au GP de France<\/a>, il a encore eu besoin d&rsquo;une course suppl\u00e9mentaire pour sentir <a href=\"https:\/\/fr.motorsport.com\/motogp\/news\/di-giannantonio-retrouve-sensations-normales-ducati-gp25\/10727959\/\" target=\"_blank\" rel=\"noopener\">qu&rsquo;il parvenait \u00e0 bien exploiter sa GP25<\/a>, mod\u00e8le qu&rsquo;il ne partage qu&rsquo;avec les pilotes de l&rsquo;\u00e9quipe officielle.<\/p>\n<p>Malgr\u00e9 certains week-ends g\u00e2ch\u00e9s par de mauvaises directions prises dans ses r\u00e9glages, Di Giannantonio a n\u00e9anmoins r\u00e9ussi \u00e0 d\u00e9crocher un premier podium \u00e0 Austin apr\u00e8s avoir profit\u00e9 de la chute de <a href=\"https:\/\/fr.motorsport.com\/driver\/marc-marquez\/92646\/\" target=\"_blank\" rel=\"noopener\">Marc M\u00e1rquez<\/a>, et a r\u00e9cidiv\u00e9 au Mugello en se montrant plus fort que <a href=\"https:\/\/fr.motorsport.com\/driver\/pecco-bagnaia\/109394\/\" target=\"_blank\" rel=\"noopener\">Pecco Bagnaia<\/a> en fin de course. Mais le pilote VR46 sent qu&rsquo;il pourrait faire mieux s&rsquo;il occupait des positions plus favorables sur les grilles de d\u00e9part.<\/p>\n<p>Depuis le d\u00e9but de l&rsquo;ann\u00e9e, Di Giannantonio ne s&rsquo;est qualifi\u00e9 qu&rsquo;une seule fois en premi\u00e8re ligne et deux fois en deuxi\u00e8me ligne, ce qui lui complique la t\u00e2che. Le GP d&rsquo;Italie en a \u00e9t\u00e9 un bon exemple puisqu&rsquo;il est parti septi\u00e8me et n&rsquo;\u00e9tait que huiti\u00e8me apr\u00e8s le premier tour, d\u00e9j\u00e0 \u00e0 1&Prime;475 de la premi\u00e8re place. Finalement troisi\u00e8me, \u00e0 2&Prime;136 de Marc M\u00e1rquez et 0&Prime;196 d&rsquo;<a href=\"https:\/\/fr.motorsport.com\/driver\/alex-marquez\/96324\/\" target=\"_blank\" rel=\"noopener\">\u00c1lex M\u00e1rquez<\/a>, aurait-il pu gagner en \u00e9tant mieux plac\u00e9 en d\u00e9but d&rsquo;\u00e9preuve\u00a0?<\/p>\n<p>\u00ab\u00a0Peut-\u00eatre que oui\u00a0\u00bb, a confi\u00e9 Di Giannantonio au site officiel du MotoGP. \u00ab\u00a0Je ne veux pas le dire avec certitude parce qu&rsquo;avec des si, on ne va pas tr\u00e8s loin. Marc a gagn\u00e9 donc c&rsquo;est s\u00fbr qu&rsquo;il a \u00e9t\u00e9 fantastique, mais Marc a toujours un peu de mal avec l&rsquo;avant et dans les virages \u00e0 droite. Dans les analyses que l&rsquo;on fait chez Ducati, on voyait qu&rsquo;il avait un peu de mal avec l&rsquo;avant donc peut-\u00eatre [qu&rsquo;une victoire \u00e9tait possible].\u00a0\u00bb<\/p>\n<p>\u00ab\u00a0C&rsquo;est juste un &lsquo;peut-\u00eatre&rsquo;. Si j&rsquo;avais \u00e9t\u00e9 un peu plus proche, j&rsquo;aurais pu essayer. Mais je ne vis pas avec des si, je veux vivre dans le pr\u00e9sent. On a fait un podium donc c&rsquo;est bien.\u00a0\u00bb<\/p>\n<p>   <img decoding=\"async\" draggable=\"false\" src=\"https:\/\/www.europesays.com\/fr\/wp-content\/uploads\/2025\/06\/1750894452_138_fabio-di-giannantonio-vr46-rac.jpg\" alt=\"Fabio Di Giannantonio, VR46 Racing Team\" width=\"1200\" height=\"800\" loading=\"lazy\"\/> <\/p>\n<p class=\"title\">Fabio Di Giannantonio<\/p>\n<p class=\"photographer\">Photo de: Gold and Goose Photography \/ LAT Images \/ via Getty Images<\/p>\n<p>Di Giannantonio pr\u00e9f\u00e8re ainsi se concentrer sur les progr\u00e8s \u00e0 faire sur un tour, selon lui n\u00e9cessaires pour inqui\u00e9ter les deux hommes forts du championnat. \u00ab\u00a0Comme d&rsquo;habitude, on n&rsquo;a pas fait de superbes qualifications\u00a0\u00bb, d\u00e9plorait-il en conf\u00e9rence de presse apr\u00e8s sa troisi\u00e8me place. \u00ab\u00a0Maintenant, on se dit qu&rsquo;avec quelques tours de plus, j&rsquo;aurais peut-\u00eatre pu revenir sur \u00c1lex.\u00a0\u00bb<\/p>\n<p>\u00ab\u00a0La r\u00e9alit\u00e9, c&rsquo;est qu&rsquo;il faut que je parte plus devant, au minimum sur les deux premi\u00e8res lignes, si je veux me battre avec eux. On fait de belles remont\u00e9es, on pousse sur la moto, je me pousse moi-m\u00eame \u00e0 la limite, mais ce n&rsquo;est pas comme \u00e7a qu&rsquo;on gagne une course. Si on veut se battre avec un \u00c1lex en pleine forme ou un Marc qui gagne des courses, il faut au moins partir avec eux. Il faut progresser sur ce front.\u00a0\u00bb<\/p>\n<p>Lire aussi :<\/p>\n<p>Des difficult\u00e9s avec le pneu tendre<\/p>\n<p>Et pour progresser, Di Giannantonio devra surtout mieux exploiter la gomme tendre, qui ne lui permet pas un gain de performance significatif\u00a0: \u00ab\u00a0J&rsquo;ai encore un peu de mal \u00e0 bien utiliser un pneu neuf, il ne m&rsquo;apporte pas un gros changement.\u00a0\u00bb<\/p>\n<p>Le grip apport\u00e9 par ce pneu emp\u00eache Di Giannantonio de faire glisser sa moto \u00e0 sa guise et de bien se placer pour les phases d&rsquo;acc\u00e9l\u00e9ration . D\u00e9j\u00e0 confront\u00e9 \u00e0 des probl\u00e8mes similaires en 2023, il avait pu y rem\u00e9dier la saison pass\u00e9e : \u00ab\u00a0C&rsquo;\u00e9tait diff\u00e9rent. Quand je prenais un pneu neuf, la plupart du temps, je pouvais faire un pas en avant.\u00a0\u00bb<\/p>\n<p>\u00ab\u00a0Maintenant, \u00e7a me fait sortir au large sur les gaz, je n&rsquo;arrive pas \u00e0 prendre une trajectoire serr\u00e9e et je ne peux pas avoir cette glissade pour faire tourner la moto et avoir la puissance. Je sors juste large, comme en Moto3. C&rsquo;est difficile de rouler comme en Moto3 avec 300 chevaux de plus ! Il faut travailler pour r\u00e9ussir \u00e0 tourner en sortie de virage, sur les gaz, et je pense que si on trouve \u00e7a, on sera assez forts.\u00a0\u00bb<\/p>\n<p>Concernant la moto elle-m\u00eame, Di Giannantonio a \u00e9t\u00e9 le seul des trois pilotes disposant de la GP25 \u00e0 disputer le GP d&rsquo;Italie avec le car\u00e9nage apparu lors du test en Arag\u00f3n, mais il n&rsquo;a pas voulu donner de d\u00e9tails sur les diff\u00e9rences techniques :\u00a0\u00ab\u00a0C&rsquo;\u00e9tait facile pour moi parce que <a href=\"https:\/\/fr.motorsport.com\/motogp\/galleries\/livrees-speciales-mugello-gp-italie-2025\/8657\/\" target=\"_self\" rel=\"noopener\">la livr\u00e9e [sp\u00e9ciale]<\/a> collait mieux sur le nouvel a\u00e9ro. Donc c&rsquo;\u00e9tait mieux pour les photos\u00a0!\u00a0\u00bb<\/p>\n<p>Lire aussi :<\/p>\n<p>Dans cet article<\/p>\n<p>    Vincent Lalanne-Sicaud\n<\/p>\n<p>    MotoGP\n<\/p>\n<p>    Fabio Di Giannantonio\n<\/p>\n<p>    Team VR46\n<\/p>\n<p>Soyez le premier inform\u00e9 et souscrivez aux alertes mails pour recevoir les infos en temps r\u00e9el<\/p>\n<p>    S&rsquo;abonner aux alertes de news<\/p>\n","protected":false},"excerpt":{"rendered":"Fabio Di Giannantonio a connu des performances en dents de scie depuis le d\u00e9but de la saison. D&rsquo;abord&hellip;\n","protected":false},"author":2,"featured_media":204400,"comment_status":"","ping_status":"","sticky":false,"template":"","format":"standard","meta":{"footnotes":""},"categories":[1413],"tags":[7277,1011,27,1457,1456,1458,60,7276],"class_list":{"0":"post-204399","1":"post","2":"type-post","3":"status-publish","4":"format-standard","5":"has-post-thumbnail","7":"category-moto","8":"tag-fabio-di-giannantonio","9":"tag-fr","10":"tag-france","11":"tag-moto","12":"tag-motocycle","13":"tag-motogp","14":"tag-sports","15":"tag-team-vr46"},"share_on_mastodon":{"url":"https:\/\/pubeurope.com\/@fr\/114746626356051905","error":""},"_links":{"self":[{"href":"https:\/\/www.europesays.com\/fr\/wp-json\/wp\/v2\/posts\/204399","targetHints":{"allow":["GET"]}}],"collection":[{"href":"https:\/\/www.europesays.com\/fr\/wp-json\/wp\/v2\/posts"}],"about":[{"href":"https:\/\/www.europesays.com\/fr\/wp-json\/wp\/v2\/types\/post"}],"author":[{"embeddable":true,"href":"https:\/\/www.europesays.com\/fr\/wp-json\/wp\/v2\/users\/2"}],"replies":[{"embeddable":true,"href":"https:\/\/www.europesays.com\/fr\/wp-json\/wp\/v2\/comments?post=204399"}],"version-history":[{"count":0,"href":"https:\/\/www.europesays.com\/fr\/wp-json\/wp\/v2\/posts\/204399\/revisions"}],"wp:featuredmedia":[{"embeddable":true,"href":"https:\/\/www.europesays.com\/fr\/wp-json\/wp\/v2\/media\/204400"}],"wp:attachment":[{"href":"https:\/\/www.europesays.com\/fr\/wp-json\/wp\/v2\/media?parent=204399"}],"wp:term":[{"taxonomy":"category","embeddable":true,"href":"https:\/\/www.europesays.com\/fr\/wp-json\/wp\/v2\/categories?post=204399"},{"taxonomy":"post_tag","embeddable":true,"href":"https:\/\/www.europesays.com\/fr\/wp-json\/wp\/v2\/tags?post=204399"}],"curies":[{"name":"wp","href":"https:\/\/api.w.org\/{rel}","templated":true}]}}