{"id":204404,"date":"2025-06-25T23:37:09","date_gmt":"2025-06-25T23:37:09","guid":{"rendered":"https:\/\/www.europesays.com\/fr\/204404\/"},"modified":"2025-06-25T23:37:09","modified_gmt":"2025-06-25T23:37:09","slug":"psg-al-khelaifi-prend-une-decision-forte-pour-aider-lol-actualite","status":"publish","type":"post","link":"https:\/\/www.europesays.com\/fr\/204404\/","title":{"rendered":"PSG : Al-Khela\u00effi prend une d\u00e9cision forte pour aider l&rsquo;OL &#8211; Actualite"},"content":{"rendered":"<p>Comme r\u00e9v\u00e9l\u00e9 r\u00e9cemment, les relations entre Nasser Al-Khela\u00effi et John Textor, pr\u00e9sident de l\u2019Olympique Lyonnais et de Botafogo, se sont \u00e9tonnamment r\u00e9chauff\u00e9es. Selon Le Parisien, une franche discussion entre les deux hommes a eu lieu, au cours de laquelle le dirigeant am\u00e9ricain a pr\u00e9sent\u00e9 ses excuses pour ses d\u00e9clarations m\u00e9diatiques virulentes. Un geste appr\u00e9ci\u00e9 par le patron du PSG, sensible \u00e0 la situation pr\u00e9occupante de l\u2019OL.<\/p>\n<p>En effet, ce mercredi, la DNCG a prononc\u00e9 une rel\u00e9gation administrative de l\u2019Olympique Lyonnais en Ligue 2, en raison d\u2019un d\u00e9ficit jug\u00e9 trop important et d\u2019un manque de garanties financi\u00e8res pour redresser la situation. Face \u00e0 cette crise, Nasser Al-Khela\u00effi, pris pour cible par certains supporters lyonnais lors du dernier match au Groupama Stadium, a d\u00e9cid\u00e9 de faire un geste fort.<\/p>\n<p>Le pr\u00e9sident parisien a ainsi choisi d\u2019avancer les paiements dus \u00e0 l\u2019OL dans le cadre du transfert de Bradley Barcola, survenu \u00e0 l\u2019\u00e9t\u00e9 2023 pour un montant de 45 millions d\u2019euros plus 5 millions de bonus. Une initiative qui pourrait permettre \u00e0 l\u2019OL de disposer plus rapidement de liquidit\u00e9s\u2026 et d\u2019\u00e9viter le pire.<\/p>\n","protected":false},"excerpt":{"rendered":"Comme r\u00e9v\u00e9l\u00e9 r\u00e9cemment, les relations entre Nasser Al-Khela\u00effi et John Textor, pr\u00e9sident de l\u2019Olympique Lyonnais et de Botafogo,&hellip;\n","protected":false},"author":2,"featured_media":204405,"comment_status":"","ping_status":"","sticky":false,"template":"","format":"standard","meta":{"footnotes":""},"categories":[1410],"tags":[4180,33563,17227,16712,4666,63,9212,1011,27,29012,34323,25200,34324,241,5055,471,2864,6020,4919,17907,7618,60],"class_list":{"0":"post-204404","1":"post","2":"type-post","3":"status-publish","4":"format-standard","5":"has-post-thumbnail","7":"category-football","8":"tag-aider","9":"tag-compter","10":"tag-decision","11":"tag-difficulte","12":"tag-financiere","13":"tag-football","14":"tag-forte","15":"tag-fr","16":"tag-france","17":"tag-inattendu","18":"tag-khelaifi","19":"tag-lyonnais","20":"tag-nasser","21":"tag-ol","22":"tag-peut","23":"tag-pour","24":"tag-pourrait","25":"tag-prend","26":"tag-president","27":"tag-pris","28":"tag-soutien","29":"tag-sports"},"share_on_mastodon":{"url":"https:\/\/pubeurope.com\/@fr\/114746637941598319","error":""},"_links":{"self":[{"href":"https:\/\/www.europesays.com\/fr\/wp-json\/wp\/v2\/posts\/204404","targetHints":{"allow":["GET"]}}],"collection":[{"href":"https:\/\/www.europesays.com\/fr\/wp-json\/wp\/v2\/posts"}],"about":[{"href":"https:\/\/www.europesays.com\/fr\/wp-json\/wp\/v2\/types\/post"}],"author":[{"embeddable":true,"href":"https:\/\/www.europesays.com\/fr\/wp-json\/wp\/v2\/users\/2"}],"replies":[{"embeddable":true,"href":"https:\/\/www.europesays.com\/fr\/wp-json\/wp\/v2\/comments?post=204404"}],"version-history":[{"count":0,"href":"https:\/\/www.europesays.com\/fr\/wp-json\/wp\/v2\/posts\/204404\/revisions"}],"wp:featuredmedia":[{"embeddable":true,"href":"https:\/\/www.europesays.com\/fr\/wp-json\/wp\/v2\/media\/204405"}],"wp:attachment":[{"href":"https:\/\/www.europesays.com\/fr\/wp-json\/wp\/v2\/media?parent=204404"}],"wp:term":[{"taxonomy":"category","embeddable":true,"href":"https:\/\/www.europesays.com\/fr\/wp-json\/wp\/v2\/categories?post=204404"},{"taxonomy":"post_tag","embeddable":true,"href":"https:\/\/www.europesays.com\/fr\/wp-json\/wp\/v2\/tags?post=204404"}],"curies":[{"name":"wp","href":"https:\/\/api.w.org\/{rel}","templated":true}]}}