{"id":204406,"date":"2025-06-25T23:38:20","date_gmt":"2025-06-25T23:38:20","guid":{"rendered":"https:\/\/www.europesays.com\/fr\/204406\/"},"modified":"2025-06-25T23:38:20","modified_gmt":"2025-06-25T23:38:20","slug":"lune-de-vos-specialites-cest-de-vous-faire-engueuler","status":"publish","type":"post","link":"https:\/\/www.europesays.com\/fr\/204406\/","title":{"rendered":"L&rsquo;une de vos sp\u00e9cialit\u00e9s c&rsquo;est de vous faire engueuler"},"content":{"rendered":"<p>Une semaine apr\u00e8s sa violente dispute avec Rachida Dati, Patrick Cohen s&rsquo;est bri\u00e8vement exprim\u00e9 sur le sujet dans C \u00e0 Vous ce mercredi 25 juin. Un sujet d\u00e9licat qu&rsquo;il a \u00e9voqu\u00e9 avec une touche d&rsquo;humour.<\/p>\n<p>La semaine derni\u00e8re, le ton est particuli\u00e8rement mont\u00e9 sur le plateau de C \u00e0 Vous. En effet, pr\u00e9sente pour parler de l&rsquo;actualit\u00e9, <a href=\"https:\/\/www.programme-tv.net\/news\/tv\/381462-c-est-faux-rachida-dati-s-en-prend-aux-equipes-de-c-a-vous-et-a-patrick-cohen-anne-elisabeth-lemoine-met-fin-a-l-echange-houleux-video\/\" data-api-deeplink=\"teleloisirs:\/\/news\/381462\" target=\"_blank\" rel=\"noopener\">Rachida Dati s&rsquo;en est prise \u00e0 Patrick Cohen qui est vis\u00e9 par une enqu\u00eate concernant son comportement en coulisses.<\/a> \u00ab\u00a0Monsieur Cohen, il y a une enqu\u00eate M\u00e9diapart qui vous met en cause pour harc\u00e8lement et management toxique\u00a0\u00bb, a-t-elle soulign\u00e9 au principal concern\u00e9 avant d&rsquo;insister, \u00ab\u00a0Est-ce que c&rsquo;est vrai Monsieur Cohen ? Est-ce que vous harcelez vos coll\u00e8gues ? (&#8230;) le harc\u00e8lement c&rsquo;est un d\u00e9lit Monsieur Cohen\u00a0\u00bb.<\/p>\n<p>Patrick Cohen revient sur sa brouille avec Rachida Dati dans C \u00e0 Vous<\/p>\n<p>Pour calmer la situation, Anne-Elisabeth Lemoine avait d\u00e9clar\u00e9 que tout cela \u00e9tait \u00ab\u00a0faux\u00a0\u00bb, mais cela n&rsquo;a pas \u00e9t\u00e9 suffisant pour la Ministre de la Culture qui a poursuivi. L&rsquo;\u00e9change houleux s&rsquo;\u00e9tait conclu par une remarque de Patrick Cohen : \u00ab\u00a0Ce n&rsquo;est pas tr\u00e8s reluisant ce que vous faites Madame Dati\u00a0\u00bb. Une semaine apr\u00e8s les faits, Patrick Cohen est revenu sur le sujet alors qu&rsquo;il \u00e9changeait notamment avec Julien Courbet, son invit\u00e9 ce mercredi 25 juin. Il a rappel\u00e9 que son \u00e9mission, <a href=\"https:\/\/www.programme-tv.net\/news\/people\/380557-exclu-celine-collonge-ca-peut-vous-arriver-revele-a-quoi-est-du-son-handicap-a-l-oeil-droit-je-me-bats-au-quotidien-contre-cette-maladie\/\" data-api-deeplink=\"teleloisirs:\/\/news\/380557\" target=\"_blank\" rel=\"noopener\">\u00c7a peut vous arriver<\/a>, diffus\u00e9e simultan\u00e9ment sur RTL et M6 f\u00eatait son vingt-cinqui\u00e8me anniversaire. Et avec autant d&rsquo;ann\u00e9es \u00e0 r\u00e9soudre les probl\u00e8mes des auditeurs \u00e0 l&rsquo;antenne, il lui est arriv\u00e9 d&rsquo;\u00eatre r\u00e9primand\u00e9. \u00ab\u00a0L&rsquo;une de vos sp\u00e9cialit\u00e9s, qu&rsquo;on vous envie, c&rsquo;est de vous faire engueuler\u00a0\u00bb, d\u00e9clare-t-il avant d&rsquo;ajouter, \u00ab\u00a0Et pas par des Ministres de la culture ! Et vous r\u00e9pondez !\u00a0\u00bb Une remarque qui a provoqu\u00e9 les rires des chroniqueurs et invit\u00e9s pr\u00e9sents sur le plateau de France 5.<\/p>\n<p>                        France T\u00e9l\u00e9visions d\u00e9fend Patrick Cohen<\/p>\n<p>Suite \u00e0 cette dispute survenue en direct sur la 5, <a href=\"https:\/\/www.programme-tv.net\/news\/tv\/381477-les-mises-en-cause-personnelles-ne-sont-pas-acceptables-france-televisions-prend-la-defense-de-patrick-cohen-apres-les-attaques-de-rachida-dati-dans-c-a-vous\/\" data-api-deeplink=\"teleloisirs:\/\/news\/381477\" target=\"_blank\" rel=\"noopener\">France T\u00e9l\u00e9visions a pris la d\u00e9fense de Patrick Cohen<\/a>. Dans un communiqu\u00e9 mis en ligne sur les r\u00e9seaux sociaux, le groupe a d\u00e9clar\u00e9 : \u00ab\u00a0France T\u00e9l\u00e9visions apporte tout son soutien aux \u00e9quipes de C \u00e0 vous ainsi qu&rsquo;\u00e0 l&rsquo;ensemble des journalistes qui continueront \u00e0 exercer sereinement leur m\u00e9tier en toute libert\u00e9. Les mises en cause personnelles \u00e0 l&rsquo;encontre des journalistes ne sont pas acceptables\u00a0\u00bb.<\/p>\n","protected":false},"excerpt":{"rendered":"Une semaine apr\u00e8s sa violente dispute avec Rachida Dati, Patrick Cohen s&rsquo;est bri\u00e8vement exprim\u00e9 sur le sujet dans&hellip;\n","protected":false},"author":2,"featured_media":204407,"comment_status":"","ping_status":"","sticky":false,"template":"","format":"standard","meta":{"footnotes":""},"categories":[1359],"tags":[4470,244,58,59,1011,27,13960,973,417],"class_list":{"0":"post-204406","1":"post","2":"type-post","3":"status-publish","4":"format-standard","5":"has-post-thumbnail","7":"category-people","8":"tag-c-u00e0-vous","9":"tag-commentaire","10":"tag-divertissement","11":"tag-entertainment","12":"tag-fr","13":"tag-france","14":"tag-patrick-cohen","15":"tag-people","16":"tag-rachida-dati"},"share_on_mastodon":{"url":"https:\/\/pubeurope.com\/@fr\/114746641856346615","error":""},"_links":{"self":[{"href":"https:\/\/www.europesays.com\/fr\/wp-json\/wp\/v2\/posts\/204406","targetHints":{"allow":["GET"]}}],"collection":[{"href":"https:\/\/www.europesays.com\/fr\/wp-json\/wp\/v2\/posts"}],"about":[{"href":"https:\/\/www.europesays.com\/fr\/wp-json\/wp\/v2\/types\/post"}],"author":[{"embeddable":true,"href":"https:\/\/www.europesays.com\/fr\/wp-json\/wp\/v2\/users\/2"}],"replies":[{"embeddable":true,"href":"https:\/\/www.europesays.com\/fr\/wp-json\/wp\/v2\/comments?post=204406"}],"version-history":[{"count":0,"href":"https:\/\/www.europesays.com\/fr\/wp-json\/wp\/v2\/posts\/204406\/revisions"}],"wp:featuredmedia":[{"embeddable":true,"href":"https:\/\/www.europesays.com\/fr\/wp-json\/wp\/v2\/media\/204407"}],"wp:attachment":[{"href":"https:\/\/www.europesays.com\/fr\/wp-json\/wp\/v2\/media?parent=204406"}],"wp:term":[{"taxonomy":"category","embeddable":true,"href":"https:\/\/www.europesays.com\/fr\/wp-json\/wp\/v2\/categories?post=204406"},{"taxonomy":"post_tag","embeddable":true,"href":"https:\/\/www.europesays.com\/fr\/wp-json\/wp\/v2\/tags?post=204406"}],"curies":[{"name":"wp","href":"https:\/\/api.w.org\/{rel}","templated":true}]}}