{"id":204408,"date":"2025-06-25T23:39:19","date_gmt":"2025-06-25T23:39:19","guid":{"rendered":"https:\/\/www.europesays.com\/fr\/204408\/"},"modified":"2025-06-25T23:39:19","modified_gmt":"2025-06-25T23:39:19","slug":"un-vent-de-malice-vinie-offre-a-bellefontaine-sa-premiere-fresque-engagee-par-une-femme","status":"publish","type":"post","link":"https:\/\/www.europesays.com\/fr\/204408\/","title":{"rendered":"\u00ab\u00a0Un vent de Malice\u00a0\u00bb\u00a0: Vinie offre \u00e0 Bellefontaine sa premi\u00e8re fresque engag\u00e9e par une femme"},"content":{"rendered":"<p>\n                                                                    l&rsquo;essentiel<br \/>\n                                                                \u00c0 Bellefontaine, la Cit\u00e9 des Arts s\u2019enrichit d\u2019une nouvelle fresque. Ce mercredi \u00e0 17\u00a0h\u00a000, au\u00a024 passage Albert Camus, la street artiste Vinie inaugurera \u00ab\u00a0Un vent de malice\u00a0\u00bb, premi\u00e8re \u0153uvre f\u00e9minine du parcours, o\u00f9 le regard espi\u00e8gle d\u2019une fillette invite tout un quartier \u00e0 r\u00eaver plus haut.\n                            <\/p>\n<p>Sous le ciel de Bellefontaine, le b\u00e9ton s\u2019efface peu \u00e0 peu derri\u00e8re la couleur et la po\u00e9sie. Mercredi \u00e0 17\u00a0heures, au 24 passage Albert Camus, la cinqui\u00e8me fresque de la Cit\u00e9 des Arts sera d\u00e9voil\u00e9e\u00a0: \u00ab\u00a0Un vent de malice\u00a0\u00bb, sign\u00e9e Vinie, street artiste toulousaine de renomm\u00e9e internationale. Sur deux pans de murs de 21 m\u00e8tres de haut, une fillette au regard espi\u00e8gle, sourire complice et chevelure de mots virevoltants, s\u2019ancre dans la ville et interpelle les passants. L\u2019enfant, bras pos\u00e9 sur l\u2019immeuble, d\u00e9borde du cadre et invite \u00e0 la r\u00eaverie, \u00e0 la fois l\u00e9g\u00e8re et d\u00e9termin\u00e9e.<\/p>\n<p>Ce projet de fresques, port\u00e9 par la coop\u00e9ration inter-bailleurs COOP\u2019I.B. (Toulouse M\u00e9tropole Habitat, Patrimoine SA, Groupe des Chalets), est n\u00e9 d\u2019une volont\u00e9 de transformer l\u2019image du quartier. \u00ab\u00a0Bellefontaine souffrait d\u2019une image n\u00e9gative dans les m\u00e9dias\u00a0\u00bb, raconte Agathe Courtiade, cheffe de projet. Elle ajoute que, \u00ab\u00a0nous avons voulu changer cette identit\u00e9 en valorisant un art urbain de qualit\u00e9, loin des clich\u00e9s et en mettant en lumi\u00e8re la place des femmes dans l\u2019espace public\u00a0\u00bb. Depuis 2019, la Cit\u00e9 des Arts s\u2019est enrichie de plusieurs \u0153uvres, toutes d\u00e9di\u00e9es \u00e0 l\u2019affirmation f\u00e9minine et \u00e0 la fiert\u00e9 des habitants.<\/p>\n<p>Avec Vinie, la d\u00e9marche franchit une \u00e9tape symbolique. Pour la premi\u00e8re fois, une femme signe une fresque dans ce parcours qui c\u00e9l\u00e8bre la diversit\u00e9 et l\u2019\u00e9galit\u00e9. \u00ab\u00a0Repr\u00e9senter une fillette souriante et espi\u00e8gle, qui sort du cadre pour appara\u00eetre au premier plan, c\u2019est proposer une vision \u00e0 la fois po\u00e9tique et engag\u00e9e de la place des femmes dans la ville\u00a0\u00bb, souligne l\u2019artiste. Sa figure color\u00e9e, joyeuse et libre, incarne l\u2019avenir et la revendication d\u2019un espace urbain ouvert \u00e0 toutes et tous.<\/p>\n<p>        <img decoding=\"async\" class=\"std-img__img responsive-img\" src=\"https:\/\/www.europesays.com\/fr\/wp-content\/uploads\/2025\/06\/1750894759_968_image.jpg\" alt=\"Autre fresque \u00e0 Bellefontaine\"\/><\/p>\n<p>                Autre fresque \u00e0 Bellefontaine<br \/>\n                                    DDM &#8211; ELISE SANTAMANS TABARLY<\/p>\n<p>\u00ab\u00a0Les habitants sont tr\u00e8s fiers d\u2019avoir ces fresques\u00a0\u00bb<\/p>\n<p>Les habitants, associ\u00e9s d\u00e8s l\u2019origine, expriment leur fiert\u00e9 de voir leur quartier valoris\u00e9 par ces \u0153uvres. Un atelier avec Vinie et les enfants du quartier a renforc\u00e9 ce lien, semant les graines de la transmission et de l\u2019appropriation locale. \u00ab\u00a0Les habitants sont tr\u00e8s fiers d\u2019avoir ces fresques chez eux, et nous aussi\u00a0\u00bb, confie Agathe.<\/p>\n<p class=\"std-elt__inline\">\n        <strong>\u00c0 lire aussi :<\/strong><br \/>\n        <a href=\"https:\/\/www.ladepeche.fr\/2025\/06\/13\/si-vous-enlevez-un-tag-systematiquement-on-viendra-repasser-dessus-quand-les-graffitis-pourrissent-le-debut-de-la-saison-estivale-12754874.php\" rel=\"nofollow noopener\" target=\"_blank\">\u00ab\u00a0Si vous enlevez un tag, syst\u00e9matiquement on viendra repasser dessus\u00a0\u00bb\u00a0: quand les graffitis pourrissent le d\u00e9but de la saison estivale<\/a>\n    <\/p>\n<p>L\u2019inauguration de mercredi sera l\u2019occasion de c\u00e9l\u00e9brer cette nouvelle page de l\u2019histoire de Bellefontaine. Une visite guid\u00e9e du parcours, men\u00e9e par l\u2019Office du tourisme, permettra de d\u00e9couvrir ou red\u00e9couvrir ces fresques. \u00c0 Bellefontaine, le regard espi\u00e8gle de la fillette de Vinie souffle un vent de malice et d\u2019avenir sur tout un quartier.<\/p>\n","protected":false},"excerpt":{"rendered":"l&rsquo;essentiel \u00c0 Bellefontaine, la Cit\u00e9 des Arts s\u2019enrichit d\u2019une nouvelle fresque. Ce mercredi \u00e0 17\u00a0h\u00a000, au\u00a024 passage Albert&hellip;\n","protected":false},"author":2,"featured_media":204409,"comment_status":"","ping_status":"","sticky":false,"template":"","format":"standard","meta":{"footnotes":""},"categories":[1358],"tags":[1348,1384,1385,1386,58,59,1011,27],"class_list":{"0":"post-204408","1":"post","2":"type-post","3":"status-publish","4":"format-standard","5":"has-post-thumbnail","7":"category-arts-et-design","8":"tag-arts","9":"tag-arts-and-design","10":"tag-arts-et-design","11":"tag-design","12":"tag-divertissement","13":"tag-entertainment","14":"tag-fr","15":"tag-france"},"share_on_mastodon":{"url":"https:\/\/pubeurope.com\/@fr\/114746645922106368","error":""},"_links":{"self":[{"href":"https:\/\/www.europesays.com\/fr\/wp-json\/wp\/v2\/posts\/204408","targetHints":{"allow":["GET"]}}],"collection":[{"href":"https:\/\/www.europesays.com\/fr\/wp-json\/wp\/v2\/posts"}],"about":[{"href":"https:\/\/www.europesays.com\/fr\/wp-json\/wp\/v2\/types\/post"}],"author":[{"embeddable":true,"href":"https:\/\/www.europesays.com\/fr\/wp-json\/wp\/v2\/users\/2"}],"replies":[{"embeddable":true,"href":"https:\/\/www.europesays.com\/fr\/wp-json\/wp\/v2\/comments?post=204408"}],"version-history":[{"count":0,"href":"https:\/\/www.europesays.com\/fr\/wp-json\/wp\/v2\/posts\/204408\/revisions"}],"wp:featuredmedia":[{"embeddable":true,"href":"https:\/\/www.europesays.com\/fr\/wp-json\/wp\/v2\/media\/204409"}],"wp:attachment":[{"href":"https:\/\/www.europesays.com\/fr\/wp-json\/wp\/v2\/media?parent=204408"}],"wp:term":[{"taxonomy":"category","embeddable":true,"href":"https:\/\/www.europesays.com\/fr\/wp-json\/wp\/v2\/categories?post=204408"},{"taxonomy":"post_tag","embeddable":true,"href":"https:\/\/www.europesays.com\/fr\/wp-json\/wp\/v2\/tags?post=204408"}],"curies":[{"name":"wp","href":"https:\/\/api.w.org\/{rel}","templated":true}]}}