{"id":204410,"date":"2025-06-25T23:40:11","date_gmt":"2025-06-25T23:40:11","guid":{"rendered":"https:\/\/www.europesays.com\/fr\/204410\/"},"modified":"2025-06-25T23:40:11","modified_gmt":"2025-06-25T23:40:11","slug":"les-editions-tom-pousse-proposent-des-livres-pour-apprendre-autrement","status":"publish","type":"post","link":"https:\/\/www.europesays.com\/fr\/204410\/","title":{"rendered":"Les \u00e9ditions Tom Pousse proposent des livres pour apprendre autrement"},"content":{"rendered":"<p>La mission de la maison d\u2019\u00e9dition <a href=\"https:\/\/tompousse.fr\" target=\"_blank\" rel=\"noopener\">Tom Pousse<\/a> est de rendre le savoir accessible \u00e0 tous, sans culpabilisation ni jargon. \u00c0 son origine, un constat d\u2019enseignant : la plupart des <a href=\"https:\/\/www.airzen.fr\/mobidys-des-livres-numeriques-adaptes-aux-enfants-dyslexiques\/\" target=\"_blank\" rel=\"noopener\">livres scolaires<\/a> ne sont pas pens\u00e9s pour les \u00e9l\u00e8ves en difficult\u00e9. En cr\u00e9ant la maison d\u2019\u00e9dition au d\u00e9but des ann\u00e9es 2000, Alain Royer voulait combler ce manque. \u00ab:\/\/www.airzen.fr\/ludysco-une-box-pedagogique-pour-les-enfants-porteurs-de-troubles-dys\/\u201d&gt;enfants dyslexiques, par exemple, n\u2019\u00e9taient pas diagnostiqu\u00e9s ou mal accompagn\u00e9s \u00bb, explique Marine Denis, charg\u00e9e de communication chez Tom Pousse. <\/p>\n<p>L\u2019objectif est donc ici de fournir des outils concrets aux familles et aux professionnels confront\u00e9s aux troubles des apprentissages. Depuis sa cr\u00e9ation, Tom Pousse travaille donc main dans la main avec des associations, des professionnels de <a class=\"wpil_keyword_link\" href=\"https:\/\/www.airzen.fr\/bien-etre\/bien-dans-mon-corps\/\" title=\"Bien dans mon corps\" data-wpil-keyword-link=\"linked\" data-wpil-monitor-id=\"12685\" target=\"_blank\" rel=\"noopener\">sant\u00e9<\/a> et des \u00e9tablissements scolaires pour diffuser ses livres au plus pr\u00e8s des besoins.<\/p>\n<p>Des guides pratiques pour all\u00e9ger le quotidien<\/p>\n<p>D\u00e8s ses d\u00e9buts, la maison d\u2019\u00e9dition a pris le parti d\u2019une approche pragmatique. \u00ab Ce que nous proposons, ce sont avant tout des outils pratiques. Les livres, qui sont con\u00e7us pour \u00eatre utilis\u00e9s au quotidien, apportent des cl\u00e9s de compr\u00e9hension et d\u2019action aux familles comme aux enseignants \u00bb, pr\u00e9cise Marine Denis. Les ouvrages, r\u00e9dig\u00e9s par des professionnels de terrain (orthophonistes, neuropsychologues, enseignants sp\u00e9cialis\u00e9s, etc.), visent ainsi \u00e0 simplifier un parcours souvent qualifi\u00e9 de \u00ab combat \u00bb par les parents. La mission est claire : fournir des rep\u00e8res, orienter vers les bons interlocuteurs et, surtout, rompre l\u2019isolement auquel sont trop souvent confront\u00e9s les aidants. <br \/>Les livres permettent par exemple de :<\/p>\n<ul class=\"wp-block-list\">\n<li>rep\u00e9rer les signes d\u2019un trouble (dyslexie, dyspraxie, <a class=\"wpil_keyword_link\" href=\"https:\/\/www.airzen.fr\/sujets\/tdah-trouble-de-l-attention\/\" title=\"TDAH : comprendre et accompagner un trouble de l\u2019attention\" data-wpil-keyword-link=\"linked\" data-wpil-monitor-id=\"12687\" target=\"_blank\" rel=\"noopener\">TDAH<\/a>, etc.)<\/li>\n<li>savoir \u00e0 quel professionnel s\u2019adresser<\/li>\n<li>organiser le quotidien de mani\u00e8re adapt\u00e9e<\/li>\n<\/ul>\n<p>Une volont\u00e9 de sensibiliser d\u00e8s le plus jeune \u00e2ge<\/p>\n<p>Au fil des ann\u00e9es, le catalogue de Tom Pousse s\u2019est enrichi pour inclure une collection jeunesse afin de sensibiliser les enfants aux troubles d\u2019apprentissage, favoriser l\u2019inclusion et d\u00e9construire les st\u00e9r\u00e9otypes. \u00ab Nous avons d\u00e9velopp\u00e9 des albums illustr\u00e9s tr\u00e8s accessibles, avec une mise en page pens\u00e9e pour les enfants dyslexiques ou porteurs d\u2019autres troubles \u2013 typographie adapt\u00e9e, contrastes visuels, structure all\u00e9g\u00e9e \u00bb, explique Marine Denis. <\/p>\n<p>Ces ouvrages abordent des th\u00e9matiques telles que l\u2019autisme, la trisomie 21 ou encore la dysphasie, dans un langage simple et bienveillant. Ils visent non seulement les enfants concern\u00e9s, mais aussi leurs camarades, dans une d\u00e9marche inclusive. \u00ab L\u2019id\u00e9e est de proposer une place \u00e0 chacun. Que l\u2019enfant porteur d\u2019un trouble se sente compris et que les autres puissent ouvrir leur regard sur la diff\u00e9rence. \u00bb<\/p>\n<p>Une litt\u00e9rature pens\u00e9e pour tous les ados<\/p>\n<p>Tom Pousse s\u2019adresse \u00e9galement aux adolescents, souvent oubli\u00e9s par l\u2019\u00e9dition sp\u00e9cialis\u00e9e. La maison publie ainsi des <a class=\"wpil_keyword_link\" href=\"https:\/\/www.airzen.fr\/sujets\/livres-nos-coups-de-coeur\/\" title=\"Livres pour s\u2019\u00e9vader et se cultiver : nos coups de c\u0153ur\" data-wpil-keyword-link=\"linked\" data-wpil-monitor-id=\"12688\" target=\"_blank\" rel=\"noopener\">romans<\/a> avec une charte d\u2019accessibilit\u00e9 pr\u00e9cise : texte lisible, intrigue claire, chapitres courts. \u00ab Ce sont des livres \u00e9crits par des auteurs reconnus en litt\u00e9rature jeunesse, mais con\u00e7us pour \u00eatre accessibles \u00e0 tous, y compris aux lecteurs dys \u00bb, ajoute Marine Denis.<\/p>\n<\/p>\n<p>L\u2019objectif de cette <a href=\"https:\/\/fr.ulule.com\/editions-tom-pousse\" target=\"_blank\" rel=\"noopener\">campagne Ulule<\/a>\u00a0est de continuer \u00e0 accompagner les enfants et les personnes en difficult\u00e9 d\u2019apprentissage et\/ou en situation de handicap en publiant des ouvrages de qualit\u00e9 destin\u00e9s aux enseignants, parents, professionnels de l\u2019accompagnement et aidants.<\/p>\n<p><img fetchpriority=\"high\" decoding=\"async\" width=\"1024\" height=\"879\" src=\"https:\/\/www.europesays.com\/fr\/wp-content\/uploads\/2025\/06\/untitled-20250608-211008-1024x879.jpeg\" alt=\"Marine Denis, charg\u00e9e de communication des \u00c9ditions Tom Pousse\" class=\"wp-image-252543\" style=\"width:305px;height:auto\"  \/>\u00a9Editions Tom Pousse<\/p>\n<p><strong>L\u2019invit\u00e9e.<br \/><\/strong>Marine Denis est charg\u00e9e de communication des \u00e9ditions Tom Pousse. Marine Denis anime notamment les r\u00e9seaux sociaux.<\/p>\n<p><a href=\"https:\/\/www.facebook.com\/editions.tompousse\" target=\"_blank\" rel=\"noopener\">Suivre les \u00c9ditions Tom Pousse sur Facebook<\/a><\/p>\n<p><a href=\"https:\/\/www.youtube.com\/user\/EditionsTomPousse\" target=\"_blank\" rel=\"noopener\">Suivre les \u00c9ditions Tom Pousse sur Youtube<\/a><\/p>\n","protected":false},"excerpt":{"rendered":"La mission de la maison d\u2019\u00e9dition Tom Pousse est de rendre le savoir accessible \u00e0 tous, sans culpabilisation&hellip;\n","protected":false},"author":2,"featured_media":204411,"comment_status":"","ping_status":"","sticky":false,"template":"","format":"standard","meta":{"footnotes":""},"categories":[1357],"tags":[1379,58,59,1011,27,1380,10585],"class_list":{"0":"post-204410","1":"post","2":"type-post","3":"status-publish","4":"format-standard","5":"has-post-thumbnail","7":"category-livres","8":"tag-books","9":"tag-divertissement","10":"tag-entertainment","11":"tag-fr","12":"tag-france","13":"tag-livres","14":"tag-petite-enfance"},"share_on_mastodon":{"url":"https:\/\/pubeurope.com\/@fr\/114746649803783149","error":""},"_links":{"self":[{"href":"https:\/\/www.europesays.com\/fr\/wp-json\/wp\/v2\/posts\/204410","targetHints":{"allow":["GET"]}}],"collection":[{"href":"https:\/\/www.europesays.com\/fr\/wp-json\/wp\/v2\/posts"}],"about":[{"href":"https:\/\/www.europesays.com\/fr\/wp-json\/wp\/v2\/types\/post"}],"author":[{"embeddable":true,"href":"https:\/\/www.europesays.com\/fr\/wp-json\/wp\/v2\/users\/2"}],"replies":[{"embeddable":true,"href":"https:\/\/www.europesays.com\/fr\/wp-json\/wp\/v2\/comments?post=204410"}],"version-history":[{"count":0,"href":"https:\/\/www.europesays.com\/fr\/wp-json\/wp\/v2\/posts\/204410\/revisions"}],"wp:featuredmedia":[{"embeddable":true,"href":"https:\/\/www.europesays.com\/fr\/wp-json\/wp\/v2\/media\/204411"}],"wp:attachment":[{"href":"https:\/\/www.europesays.com\/fr\/wp-json\/wp\/v2\/media?parent=204410"}],"wp:term":[{"taxonomy":"category","embeddable":true,"href":"https:\/\/www.europesays.com\/fr\/wp-json\/wp\/v2\/categories?post=204410"},{"taxonomy":"post_tag","embeddable":true,"href":"https:\/\/www.europesays.com\/fr\/wp-json\/wp\/v2\/tags?post=204410"}],"curies":[{"name":"wp","href":"https:\/\/api.w.org\/{rel}","templated":true}]}}