{"id":204412,"date":"2025-06-25T23:41:13","date_gmt":"2025-06-25T23:41:13","guid":{"rendered":"https:\/\/www.europesays.com\/fr\/204412\/"},"modified":"2025-06-25T23:41:13","modified_gmt":"2025-06-25T23:41:13","slug":"quel-candidat-a-ete-elimine-et-qui-sont-les-finalistes","status":"publish","type":"post","link":"https:\/\/www.europesays.com\/fr\/204412\/","title":{"rendered":"Quel candidat a \u00e9t\u00e9 \u00e9limin\u00e9 et qui sont les finalistes ?"},"content":{"rendered":"<p>Ils n&rsquo;\u00e9taient plus que trois, sur quatorze candidats, \u00e0 pouvoir encore esp\u00e9rer une victoire dans <a href=\"https:\/\/www.programme-tv.net\/news\/tv\/373335-top-chef-2025-voici-tous-les-candidats-au-casting-de-la-saison-16\/\" data-api-deeplink=\"teleloisirs:\/\/news\/373335\" target=\"_blank\" rel=\"noopener\">Top Chef 2025<\/a>. Pour cette demi-finale qui se jouait entre Quentin, Charlie et Gr\u00e9goire, revenu dans le concours apr\u00e8s <a href=\"https:\/\/www.programme-tv.net\/news\/tv\/380415-gregoire-top-chef-2025-de-retour-apres-avoir-gagne-les-brigades-cachees-sortir-9e-ce-n-etait-pas-du-tout-ma-place\/\" data-api-deeplink=\"teleloisirs:\/\/news\/380415\" target=\"_blank\" rel=\"noopener\">une victoire remarquable dans Les Brigades cach\u00e9es<\/a>, les cuisiniers devaient imposer l&rsquo;\u00e9preuve de leur choix aux deux autres. Deux candidats ont \u00e9t\u00e9 battus sur leur propre th\u00e8me et un des <a href=\"https:\/\/www.programme-tv.net\/news\/tv\/380860-ils-avaient-tres-envie-de-partir-ensemble-en-finale-margaux-top-chef-2025-evoque-l-ambiance-entre-les-candidats-masculins\/\" data-api-deeplink=\"teleloisirs:\/\/news\/380860\" target=\"_blank\" rel=\"noopener\">trois amis<\/a> a quitt\u00e9 la comp\u00e9tition aux portes de la finale. On vous r\u00e9sume l&rsquo;\u00e9pisode.<\/p>\n<p> \u00ab\u00a0Je d\u00e9missionne, je suis au bout de ma vie\u00a0\u00bb : Glenn Viel d\u00e9pit\u00e9 par l&rsquo;\u00e9preuve de son candidat Quentin pour la demi-finale de Top Chef 2025 <\/p>\n<p>Charlie, qualifi\u00e9 tr\u00e8s t\u00f4t par les inspecteurs du Guide Michelin pour les quarts de finale, a \u00e9t\u00e9 le premier a d\u00e9voil\u00e9 son th\u00e8me impos\u00e9. Pour cette premi\u00e8re \u00e9preuve, les demi-finalistes devaient r\u00e9aliser un trompe-palais de viande, en la rempla\u00e7ant par un produit de la mer, sans utiliser d&rsquo;\u00e9pices, le tout en 1h30. \u00ab\u00a0<b>Charlie qui nous ach\u00e8ve encore une fois<\/b>\u00ab\u00a0, a r\u00e9agi Gr\u00e9goire, misant sur un tartare de b\u0153uf de maquereau. \u00ab\u00a0Je te d\u00e9teste\u00a0\u00bb, a lanc\u00e9 Quentin avant de s&rsquo;attaquer \u00e0 sa blanquette de Saint-Jacques. Finalement, c&rsquo;est bien Charlie avec son bourguignon de Saint-Jacques qui a bluff\u00e9 les chefs d\u00e9gustant. Personne n&rsquo;a donc marqu\u00e9 de point sur cette \u00e9preuve. C&rsquo;est Quentin qui a ensuite pris le relais avec ail, oignon et \u00e9chalote en dessert, sans faire de tarte, sans utiliser de fruit et en pr\u00e9sentant obligatoirement une glace avec un des trois, en 1h30. <b>\u00ab\u00a0Je ma\u00eetrise ce th\u00e8me \u00e0 100% chef, je ne l&rsquo;ai jamais fait\u00a0\u00bb<\/b>, s&rsquo;est amus\u00e9 Quentin face \u00e0 un <a href=\"https:\/\/www.programme-tv.net\/biographie\/889546-viel-glenn\/\" data-link-people=\"14988802-8e81-4e25-ac73-b21f302df8dc\" target=\"_blank\" rel=\"noopener\">Glenn Viel<\/a> d\u00e9confit. \u00ab\u00a0Non arr\u00eate, je me casse, je d\u00e9missionne. Je suis au bout de ma vie\u00a0\u00bb, s&rsquo;est d\u00e9sesp\u00e9r\u00e9 le chef trois \u00e9toiles. \u00ab\u00a0\u00c7a me fait peur de prendre autant de risques sur une \u00e9preuve qu&rsquo;on impose soi-m\u00eame. Dans un moment o\u00f9 il faut se rassurer, j&rsquo;ai peur que Gr\u00e9goire et Charlie nous prennent un point. Et l\u00e0, c&rsquo;est la finale qui s&rsquo;\u00e9loigne\u00a0\u00bb, a-t-il ajout\u00e9. Et en effet, Quentin a \u00e9t\u00e9 battu par Charlie sur son \u00e9preuve.<\/p>\n<p>                        Top Chef 2025 : quel candidat a \u00e9t\u00e9 \u00e9limin\u00e9 aux portes de la finale ?<\/p>\n<p>Gr\u00e9goire lui, a challeng\u00e9 ses adversaires sur l&rsquo;\u0153uf friand de cuisson <a href=\"https:\/\/www.programme-tv.net\/biographie\/644-robuchon-joel\/\" data-link-people=\"83b8984f-8c40-467c-b2ec-3970f3e17d0a\" target=\"_blank\" rel=\"noopener\">Jo\u00ebl Robuchon<\/a>, son mentor. \u00ab\u00a0Je l&rsquo;ai fait des centaines de fois. Aujourd&rsquo;hui, il n&rsquo;y aura pas de cr\u00e9ativit\u00e9, ce sera copie conforme\u00a0\u00bb, a pr\u00e9cis\u00e9 le candidat d&rsquo;\u00c9ric Fr\u00e9chon. \u00ab\u00a0\u00c7a peut \u00eatre tr\u00e8s serr\u00e9\u00a0\u00bb, a analys\u00e9 <a href=\"https:\/\/www.programme-tv.net\/biographie\/138649-etchebest-philippe\/\" data-link-people=\"25888dd0-df6a-4e79-aa22-fd391266dd60\" target=\"_blank\" rel=\"noopener\">Philippe Etchebest<\/a>, r\u00e9quisitionn\u00e9 pour la d\u00e9gustation <a href=\"https:\/\/www.programme-tv.net\/news\/tv\/380749-je-vais-passer-pour-un-con-philippe-etchebest-revient-sur-ses-larmes-lors-de-l-elimination-de-charles-de-top-chef-video\/\" data-api-deeplink=\"teleloisirs:\/\/news\/380749\" target=\"_blank\" rel=\"noopener\">apr\u00e8s avoir perdu son dernier candidat<\/a>. Finalement, Quentin a \u00e9t\u00e9 meilleur que Gr\u00e9goire dont la cuisson de l&rsquo;\u0153uf \u00e9tait in\u00e9gale en fonction des assiettes. Apr\u00e8s une remontada ph\u00e9nom\u00e9nale dans Les brigades cach\u00e9es, Gr\u00e9goire quitte cette fois d\u00e9finitivement l&rsquo;aventure, aux portes de la finale. Quentin et Charlie s&rsquo;affronteront la semaine prochaine pour l&rsquo;ultime \u00e9pisode de cette saison 16.<\/p>\n","protected":false},"excerpt":{"rendered":"Ils n&rsquo;\u00e9taient plus que trois, sur quatorze candidats, \u00e0 pouvoir encore esp\u00e9rer une victoire dans Top Chef 2025.&hellip;\n","protected":false},"author":2,"featured_media":204413,"comment_status":"","ping_status":"","sticky":false,"template":"","format":"standard","meta":{"footnotes":""},"categories":[1356],"tags":[23896,244,58,59,1011,27,16553,494,19166,23898,252,492,1364,1630],"class_list":{"0":"post-204412","1":"post","2":"type-post","3":"status-publish","4":"format-standard","5":"has-post-thumbnail","7":"category-television","8":"tag-charlie-anne-top-chef-16","9":"tag-commentaire","10":"tag-divertissement","11":"tag-entertainment","12":"tag-fr","13":"tag-france","14":"tag-gru00e9goire-touchard-top-chef-16","15":"tag-m6","16":"tag-quentin-mauro-top-chef-16","17":"tag-stu00e9phane-rotenberg","18":"tag-television","19":"tag-top-chef","20":"tag-tv","21":"tag-zapping"},"share_on_mastodon":{"url":"https:\/\/pubeurope.com\/@fr\/114746653607278268","error":""},"_links":{"self":[{"href":"https:\/\/www.europesays.com\/fr\/wp-json\/wp\/v2\/posts\/204412","targetHints":{"allow":["GET"]}}],"collection":[{"href":"https:\/\/www.europesays.com\/fr\/wp-json\/wp\/v2\/posts"}],"about":[{"href":"https:\/\/www.europesays.com\/fr\/wp-json\/wp\/v2\/types\/post"}],"author":[{"embeddable":true,"href":"https:\/\/www.europesays.com\/fr\/wp-json\/wp\/v2\/users\/2"}],"replies":[{"embeddable":true,"href":"https:\/\/www.europesays.com\/fr\/wp-json\/wp\/v2\/comments?post=204412"}],"version-history":[{"count":0,"href":"https:\/\/www.europesays.com\/fr\/wp-json\/wp\/v2\/posts\/204412\/revisions"}],"wp:featuredmedia":[{"embeddable":true,"href":"https:\/\/www.europesays.com\/fr\/wp-json\/wp\/v2\/media\/204413"}],"wp:attachment":[{"href":"https:\/\/www.europesays.com\/fr\/wp-json\/wp\/v2\/media?parent=204412"}],"wp:term":[{"taxonomy":"category","embeddable":true,"href":"https:\/\/www.europesays.com\/fr\/wp-json\/wp\/v2\/categories?post=204412"},{"taxonomy":"post_tag","embeddable":true,"href":"https:\/\/www.europesays.com\/fr\/wp-json\/wp\/v2\/tags?post=204412"}],"curies":[{"name":"wp","href":"https:\/\/api.w.org\/{rel}","templated":true}]}}