{"id":204426,"date":"2025-06-25T23:48:12","date_gmt":"2025-06-25T23:48:12","guid":{"rendered":"https:\/\/www.europesays.com\/fr\/204426\/"},"modified":"2025-06-25T23:48:12","modified_gmt":"2025-06-25T23:48:12","slug":"pourquoi-une-reunion-dexperts-sur-les-vaccins-nommes-par-robert-kennedy-jr-suscite-linquietude","status":"publish","type":"post","link":"https:\/\/www.europesays.com\/fr\/204426\/","title":{"rendered":"Pourquoi une r\u00e9union d\u2019experts sur les vaccins, nomm\u00e9s par Robert Kennedy\u00a0Jr, suscite l\u2019inqui\u00e9tude"},"content":{"rendered":"<p>Le nouveau Comit\u00e9 consultatif sur les pratiques de vaccination (ACIP), <a href=\"https:\/\/www.20minutes.fr\/monde\/etats-unis\/4157674-20250610-etats-unis-robert-f-kennedy-jr-limoge-tous-experts-officiels-charges-recommandations-vaccinales\" class=\"color-ultramarine c-link\" target=\"_blank\" rel=\"noopener\">remani\u00e9 par le ministre am\u00e9ricain de la Sant\u00e9<\/a>, Robert F. Kennedy\u00a0Jr., a ouvert ses travaux ce mercredi dans un climat pour le moins tendu.<\/p>\n<p>D\u00e8s sa premi\u00e8re r\u00e9union, ce panel d\u2019experts nomm\u00e9s par <a href=\"https:\/\/www.20minutes.fr\/monde\/robert-kennedy-jr\/\" class=\"color-ultramarine c-link\" target=\"_blank\" rel=\"noopener\">RFK<\/a> Jr. &#8211; connu pour ses opinions vaccinosceptiques &#8211; fait l\u2019objet de vives critiques, apr\u00e8s qu\u2019une \u00e9tude inexistante a \u00e9t\u00e9 mentionn\u00e9e dans une pr\u00e9sentation officielle.<\/p>\n<\/p>\n<p>Un comit\u00e9 renouvel\u00e9 \u00ab\u00a0antivax\u00a0\u00bb<\/p>\n<p>Ce comit\u00e9, qui conseille les Centres pour le contr\u00f4le et la pr\u00e9vention des maladies (CDC) &#8211; la principale agence sanitaire du pays, a r\u00e9cemment \u00e9t\u00e9 totalement renouvel\u00e9. Le ministre avait limog\u00e9 les 17 membres pr\u00e9c\u00e9dents, les accusant de \u00ab\u00a0conflits d\u2019int\u00e9r\u00eats financiers\u00a0\u00bb, avant de nommer huit nouveaux membres au profil non moins controvers\u00e9. Parmi eux, un biochimiste tr\u00e8s populaire dans les cercles \u00ab\u00a0antivax\u00a0\u00bb.<\/p>\n<p>Parmi les sujets abord\u00e9s figure le thiomersal, un conservateur contenant du mercure, qui a \u00e9t\u00e9 retir\u00e9 de la plupart des vaccins en\u00a01999, mais encore pr\u00e9sent dans certains vaccins antigrippaux. S\u2019il n\u2019a pas d\u00e9montr\u00e9 de danger \u00e0 faible dose, son inclusion au programme du comit\u00e9 alimente les tensions.<\/p>\n<p>Une \u00e9tude \u00ab\u00a0fictive\u00a0\u00bb<\/p>\n<p>Lyn Redwood, infirmi\u00e8re et ancienne pr\u00e9sidente de l\u2019organisation Children\u2019s Health Defense (cofond\u00e9e par RFK Jr.) doit pr\u00e9senter ce jeudi un expos\u00e9 sur le thiomersal. Or ses diapositives, publi\u00e9es en ligne en amont de la r\u00e9union, citent une \u00e9tude fictive, pr\u00e9tendument intitul\u00e9e Exposition n\u00e9onatale \u00e0 de faibles niveaux de thiomersal\u00a0: les cons\u00e9quences \u00e0 long terme sur le cerveau (2008).<\/p>\n<p>Une \u00e9tude qui n\u2019existe dans aucune base scientifique. Ces \u00e9l\u00e9ments de la pr\u00e9sentation ont depuis \u00e9t\u00e9 modifi\u00e9s. Ce n\u2019est d\u2019ailleurs pas la premi\u00e8re fois que ce genre \u00ab\u00a0d\u2019incident\u00a0\u00bb est not\u00e9 au sein des \u00e9quipes du ministre de la Sant\u00e9 am\u00e9ricain\u00a0: il y a quelques semaines, <a href=\"https:\/\/www.20minutes.fr\/monde\/etats-unis\/4156048-20250529-etats-unis-rapport-administration-trump-sante-jeunes-base-sources-inexistantes\" class=\"color-ultramarine c-link\" target=\"_blank\" rel=\"noopener\">un rapport \u00ab\u00a0Make America Healthy Again\u00a0\u00bb avait lui aussi cit\u00e9 de nombreuses fausses \u00e9tudes<\/a> pour argumenter ses travaux de recherche.<\/p>\n<p><img decoding=\"async\" class=\"c-img c-read-also__visual\" alt=\"Etats-Unis\u00a0: Un rapport de l\u2019administration Trump sur la sant\u00e9 des jeunes se base sur des sources inexistantes\" loading=\"eager\" width=\"110\" height=\"70\"  src=\"https:\/\/img.20mn.fr\/BM8b1nzpR1q_cBBobM3Loik\/211x0_media\" \/>Ranc\u0153urs personnelles et expertises scientifiques<\/p>\n<p>Le professeur Paul Offit, expert en vaccins au Children\u2019s Hospital de <a href=\"https:\/\/www.20minutes.fr\/dossier\/philadelphie\" class=\"color-ultramarine c-link\" target=\"_blank\" rel=\"noopener\">Philadelphie<\/a> (<a href=\"https:\/\/www.20minutes.fr\/dossier\/pennsylvanie\" class=\"color-ultramarine c-link\" target=\"_blank\" rel=\"noopener\">Pennsylvanie<\/a>), rappelle que ce composant \u00ab\u00a0contenu dans ces vaccins n\u2019a jamais contribu\u00e9 de mani\u00e8re significative \u00e0 la grande quantit\u00e9 de mercure \u00e0 laquelle nous sommes expos\u00e9s en vivant sur cette plan\u00e8te.\u00a0\u00bb<\/p>\n<p>Le pr\u00e9sident du comit\u00e9, Martin Kulldorff, a quant \u00e0 lui ouvert la s\u00e9ance de ce mercredi en \u00e9voquant son \u00e9viction de l\u2019Universit\u00e9 de Harvard o\u00f9 il enseignait la m\u00e9decine, pour avoir refus\u00e9 la vaccination anti-Covid. Il a annonc\u00e9 la cr\u00e9ation d\u2019un nouveau groupe de travail charg\u00e9 d\u2019\u00e9valuer la pertinence de la vaccination contre l\u2019h\u00e9patite B chez les nouveau-n\u00e9s, une initiative qui suscite d\u00e9j\u00e0 bon nombre de critiques dans la communaut\u00e9 m\u00e9dicale. Pour Amesh Adalja, infectiologue \u00e0 l\u2019Universit\u00e9 Johns Hopkins, \u00ab\u00a0l\u2019int\u00e9r\u00eat d\u2019une vaccination contre l\u2019h\u00e9patite B des nouveau-n\u00e9s, avant de quitter la maternit\u00e9, est bien document\u00e9 et \u00e9tabli, mais c\u2019est une vieille lubie du mouvement anti-vaccin.\u00a0\u00bb<\/p>\n<p><a href=\"https:\/\/www.20minutes.fr\/monde\/etats-unis\/\" class=\"c-link c-btn c-btn--primary\" target=\"_blank\" rel=\"noopener\">Notre dossier sur les \u00c9tats-Unis<\/a>Un comit\u00e9 \u00ab\u00a0exutoire\u00a0\u00bb de la \u00ab\u00a0propagande antivaccin\u00a0\u00bb<\/p>\n<p>Kulldorff a \u00e9galement d\u00e9clar\u00e9 que le comit\u00e9 pourrait \u00ab\u00a0se pencher sur de nouvelles recherches\u00a0\u00bb concernant le vaccin combin\u00e9 contre la rougeole, les oreillons et la rub\u00e9ole (le ROR) et la varicelle, \u00ab\u00a0afin de r\u00e9soudre des objections religieuses\u00a0\u00bb que certains parents auraient. Le pays subit pourtant <a href=\"https:\/\/www.20minutes.fr\/sante\/4154700-20250521-spectateur-concert-shakira-new-jersey-rougeole-contamination-massive-redoutee\" class=\"color-ultramarine c-link\" target=\"_blank\" rel=\"noopener\">une \u00e9pid\u00e9mie de rougeole<\/a> depuis quelques mois.<\/p>\n<p>Les recommandations de l\u2019ACIP influencent directement les obligations vaccinales dans les \u00e9coles, mais aussi les remboursements par les assurances m\u00e9dicales. Pour Amesh Adalja, ce comit\u00e9 \u00ab\u00a0va devenir un exutoire pour la propagande antivaccin, et sera de moins en moins pertinent pour la pratique de la m\u00e9decine.\u00a0\u00bb<\/p>\n","protected":false},"excerpt":{"rendered":"Le nouveau Comit\u00e9 consultatif sur les pratiques de vaccination (ACIP), remani\u00e9 par le ministre am\u00e9ricain de la Sant\u00e9,&hellip;\n","protected":false},"author":2,"featured_media":204427,"comment_status":"","ping_status":"","sticky":false,"template":"","format":"standard","meta":{"footnotes":""},"categories":[6],"tags":[47,35,33,34,73,1011,27,6971,74,13973,6405,773,32610],"class_list":{"0":"post-204426","1":"post","2":"type-post","3":"status-publish","4":"format-standard","5":"has-post-thumbnail","7":"category-economie","8":"tag-actualite","9":"tag-business","10":"tag-economie","11":"tag-economy","12":"tag-etats-unis","13":"tag-fr","14":"tag-france","15":"tag-ministre-de-la-sante","16":"tag-monde","17":"tag-robert-kennedy-jr","18":"tag-rougeole","19":"tag-vaccin","20":"tag-varicelle"},"share_on_mastodon":{"url":"https:\/\/pubeurope.com\/@fr\/114746681323928837","error":""},"_links":{"self":[{"href":"https:\/\/www.europesays.com\/fr\/wp-json\/wp\/v2\/posts\/204426","targetHints":{"allow":["GET"]}}],"collection":[{"href":"https:\/\/www.europesays.com\/fr\/wp-json\/wp\/v2\/posts"}],"about":[{"href":"https:\/\/www.europesays.com\/fr\/wp-json\/wp\/v2\/types\/post"}],"author":[{"embeddable":true,"href":"https:\/\/www.europesays.com\/fr\/wp-json\/wp\/v2\/users\/2"}],"replies":[{"embeddable":true,"href":"https:\/\/www.europesays.com\/fr\/wp-json\/wp\/v2\/comments?post=204426"}],"version-history":[{"count":0,"href":"https:\/\/www.europesays.com\/fr\/wp-json\/wp\/v2\/posts\/204426\/revisions"}],"wp:featuredmedia":[{"embeddable":true,"href":"https:\/\/www.europesays.com\/fr\/wp-json\/wp\/v2\/media\/204427"}],"wp:attachment":[{"href":"https:\/\/www.europesays.com\/fr\/wp-json\/wp\/v2\/media?parent=204426"}],"wp:term":[{"taxonomy":"category","embeddable":true,"href":"https:\/\/www.europesays.com\/fr\/wp-json\/wp\/v2\/categories?post=204426"},{"taxonomy":"post_tag","embeddable":true,"href":"https:\/\/www.europesays.com\/fr\/wp-json\/wp\/v2\/tags?post=204426"}],"curies":[{"name":"wp","href":"https:\/\/api.w.org\/{rel}","templated":true}]}}