{"id":20444,"date":"2025-04-12T19:46:08","date_gmt":"2025-04-12T19:46:08","guid":{"rendered":"https:\/\/www.europesays.com\/fr\/20444\/"},"modified":"2025-04-12T19:46:08","modified_gmt":"2025-04-12T19:46:08","slug":"alcaraz-se-qualifie-pour-sa-premiere-finale-du-masters-1000-de-monte-carlo","status":"publish","type":"post","link":"https:\/\/www.europesays.com\/fr\/20444\/","title":{"rendered":"Alcaraz se qualifie pour sa premi\u00e8re finale du Masters 1000 de Monte-Carlo"},"content":{"rendered":"<p>Ce samedi, en dominant Alejandro Davidovich Fokina en deux sets, Carlos Alcaraz s\u2019est qualifi\u00e9 pour la finale du Masters 1000 de Monte-Carlo pour la premi\u00e8re fois de sa carri\u00e8re.<\/p>\n<p class=\"fig-paragraph\">Prodigieux. Le N.3 mondial\u00a0<a href=\"http:\/\/www.lefigaro.fr\/sports\/tennis\/tennis-un-des-matches-les-plus-difficiles-que-j-ai-joues-cette-annee-confie-alcaraz-difficile-vainqueur-de-fils-20250411\" data-fig-type=\"NewsFlash\" data-gtm-custom-categorie=\"navigation\" data-gtm-custom-action=\"crossclick\" data-gtm-custom-label=\"Contextuel\" data-gtm-event=\"customEventSPE\" data-fig-domain=\"LEFIGARO\" target=\"_blank\" rel=\"noopener\">Carlos Alcaraz<\/a>\u00a0s&rsquo;est qualifi\u00e9 samedi pour la finale du Masters 1000 de Monte-Carlo pour la premi\u00e8re fois de sa carri\u00e8re gr\u00e2ce \u00e0 une victoire en deux sets contre Alejandro Davidovich Fokina (42e).<\/p>\n<p class=\"fig-paragraph\">Le quadruple laur\u00e9at de tournois du Grand Chelem s&rsquo;est impos\u00e9 7-6 (7\/2), 6-4 contre son compatriote espagnol, particuli\u00e8rement coriace dans le second set o\u00f9 il a sauv\u00e9 pas moins de 13 balles de break (dont quatre balles de match).<\/p>\n<p class=\"fig-paragraph\">Il d\u00e9fiera pour le titre l&rsquo;Australien\u00a0<a href=\"http:\/\/www.lefigaro.fr\/sports\/tennis\/tennis-de-minaur-ecrase-dimitrov-en-quarts-de-finale-du-masters-1000-de-monte-carlo-20250411\" data-fig-type=\"NewsFlash\" data-gtm-custom-categorie=\"navigation\" data-gtm-custom-action=\"crossclick\" data-gtm-custom-label=\"Contextuel\" data-gtm-event=\"customEventSPE\" data-fig-domain=\"LEFIGARO\" target=\"_blank\" rel=\"noopener\">Alex De Minaur<\/a>\u00a0(10e) ou l&rsquo;Italien Lorenzo Musetti (16e), qui s&rsquo;affrontent samedi apr\u00e8s-midi dans la seconde demi-finale.<\/p>\n<p>Forfait lors des deux derni\u00e8res \u00e9ditions<\/p>\n<p class=\"fig-paragraph\">Avant l&rsquo;\u00e9dition 2025 du Masters 1000 de Monte-Carlo, Alcaraz (21 ans) avait perdu le seul match qu&rsquo;il avait disput\u00e9 dans la Principaut\u00e9, d\u00e9fait en trois sets par l&rsquo;Am\u00e9ricain Sebastian Korda d\u00e8s son entr\u00e9e en lice en 2022.<\/p>\n<p class=\"fig-paragraph\">Contraint au forfait \u00e0 Monte-Carlo en 2023 et 2024 en raison de blessures, l&rsquo;Espagnol n&rsquo;avait plus atteint la finale d&rsquo;un Masters 1000 (les tournois les plus importants du circuit masculin apr\u00e8s les quatre Grand Chelem) depuis son titre \u00e0 Indian Wells en 2024.<\/p>\n<p class=\"fig-paragraph\">Le quintuple laur\u00e9at en Masters 1000 s&rsquo;appr\u00eate \u00e0 disputer sur la terre battue mon\u00e9gasque la 23e finale de sa carri\u00e8re et la septi\u00e8me en Masters 1000.\u00a0<a href=\"http:\/\/www.lefigaro.fr\/sports\/tennis\/tennis-alcaraz-plus-fort-que-de-minaur-s-offre-son-premier-titre-de-la-saison-a-rotterdam-20250209\" data-fig-type=\"NewsFlash\" data-gtm-custom-categorie=\"navigation\" data-gtm-custom-action=\"crossclick\" data-gtm-custom-label=\"Contextuel\" data-gtm-event=\"customEventSPE\" data-fig-domain=\"LEFIGARO\" target=\"_blank\" rel=\"noopener\">Vainqueur de l&rsquo;ATP 500 de Rotterdam<\/a>\u00a0en f\u00e9vrier, Alcaraz s&rsquo;\u00e9tait ensuite fait \u00e9liminer en demi-finales \u00e0 Indian Wells et<a href=\"http:\/\/www.lefigaro.fr\/sports\/tennis\/tennis-coup-de-tonnerre-a-miami-alcaraz-sorti-d-entree-par-goffin-20250322\" data-fig-type=\"NewsFlash\" data-gtm-custom-categorie=\"navigation\" data-gtm-custom-action=\"crossclick\" data-gtm-custom-label=\"Contextuel\" data-gtm-event=\"customEventSPE\" data-fig-domain=\"LEFIGARO\" target=\"_blank\" rel=\"noopener\">\u00a0d\u00e8s son entr\u00e9e en lice \u00e0 Miami<\/a>.<\/p>\n<p>\u00a0\u00bb<br \/>\n        data-script=\u00a0\u00bbhttps:\/\/static.lefigaro.fr\/widget-video\/short-ttl\/video\/index.js\u00a0\u00bb<br \/>\n    &gt;<\/p>\n","protected":false},"excerpt":{"rendered":"Ce samedi, en dominant Alejandro Davidovich Fokina en deux sets, Carlos Alcaraz s\u2019est qualifi\u00e9 pour la finale du&hellip;\n","protected":false},"author":2,"featured_media":20445,"comment_status":"","ping_status":"","sticky":false,"template":"","format":"standard","meta":{"footnotes":""},"categories":[1415],"tags":[47,4169,525,7779,1981,4178,4179,1011,27,1114,3996,4177,4176,6431,4174,5386,4175,1980,4171,60,1467,4172,4173,4170],"class_list":{"0":"post-20444","1":"post","2":"type-post","3":"status-publish","4":"format-standard","5":"has-post-thumbnail","7":"category-tennis","8":"tag-actualite","9":"tag-atp","10":"tag-calendrier","11":"tag-carlos-alcaraz","12":"tag-classement","13":"tag-coupe-davis","14":"tag-fed-cup","15":"tag-fr","16":"tag-france","17":"tag-infos","18":"tag-jeux-olympiques","19":"tag-masters-1000","20":"tag-masters-500","21":"tag-masters-atp","22":"tag-masters-series","23":"tag-monte-carlo","24":"tag-open-daustralie","25":"tag-resultats","26":"tag-roland-garros","27":"tag-sports","28":"tag-tennis","29":"tag-us-open","30":"tag-wimbledon","31":"tag-wta"},"share_on_mastodon":{"url":"https:\/\/pubeurope.com\/@fr\/114326718544476861","error":""},"_links":{"self":[{"href":"https:\/\/www.europesays.com\/fr\/wp-json\/wp\/v2\/posts\/20444","targetHints":{"allow":["GET"]}}],"collection":[{"href":"https:\/\/www.europesays.com\/fr\/wp-json\/wp\/v2\/posts"}],"about":[{"href":"https:\/\/www.europesays.com\/fr\/wp-json\/wp\/v2\/types\/post"}],"author":[{"embeddable":true,"href":"https:\/\/www.europesays.com\/fr\/wp-json\/wp\/v2\/users\/2"}],"replies":[{"embeddable":true,"href":"https:\/\/www.europesays.com\/fr\/wp-json\/wp\/v2\/comments?post=20444"}],"version-history":[{"count":0,"href":"https:\/\/www.europesays.com\/fr\/wp-json\/wp\/v2\/posts\/20444\/revisions"}],"wp:featuredmedia":[{"embeddable":true,"href":"https:\/\/www.europesays.com\/fr\/wp-json\/wp\/v2\/media\/20445"}],"wp:attachment":[{"href":"https:\/\/www.europesays.com\/fr\/wp-json\/wp\/v2\/media?parent=20444"}],"wp:term":[{"taxonomy":"category","embeddable":true,"href":"https:\/\/www.europesays.com\/fr\/wp-json\/wp\/v2\/categories?post=20444"},{"taxonomy":"post_tag","embeddable":true,"href":"https:\/\/www.europesays.com\/fr\/wp-json\/wp\/v2\/tags?post=20444"}],"curies":[{"name":"wp","href":"https:\/\/api.w.org\/{rel}","templated":true}]}}