{"id":204444,"date":"2025-06-25T23:58:09","date_gmt":"2025-06-25T23:58:09","guid":{"rendered":"https:\/\/www.europesays.com\/fr\/204444\/"},"modified":"2025-06-25T23:58:09","modified_gmt":"2025-06-25T23:58:09","slug":"previsions-du-jeudi-26-juin-2025-2","status":"publish","type":"post","link":"https:\/\/www.europesays.com\/fr\/204444\/","title":{"rendered":"pr\u00e9visions du jeudi 26 juin 2025"},"content":{"rendered":"<p>C&rsquo;est une belle journ\u00e9e dont va profiter Montpellier, o\u00f9 le soleil va briller avec force. La chaleur estivale sera bien l\u00e0 puisque les temp\u00e9ratures seront quand m\u00eame de 22\u00b0C au plus bas et de 33\u00b0C au plus haut. Un l\u00e9ger vent de nord-ouest soufflera. Le matin, de tr\u00e8s grosses chaleurs (entre 23\u00b0C et 31\u00b0C) sont annonc\u00e9es. L&rsquo;\u00e9t\u00e9 s&rsquo;installe ! Les temp\u00e9ratures vont monter pendant l&rsquo;apr\u00e8s-midi de plusieurs degr\u00e9s. Prenez garde \u00e0 la vague de chaud. Des valeurs de 32 \u00e0 33\u00b0C sont attendues. D\u00e8s le soir, les temp\u00e9ratures \u00e9volueront entre 27 et 32\u2009\u00b0C. Pendant votre sommeil, dans la nuit de jeudi \u00e0 vendredi, le ciel sera clair.<\/p>\n<p>Demain, un important soleil rayonnera sur Montpellier. C&rsquo;est une hausse de quelques degr\u00e9s que vont conna\u00eetre les temp\u00e9ratures pour un climat de plus en plus estival. Les fortes chaleurs sont install\u00e9es. Avec des valeurs \u00e9chelonn\u00e9es entre 22 et 35\u00b0C. Les temp\u00e9ratures seront comprises entre 22 et 35\u00b0C, un temps vraiment de saison. La ville va ressentir des grosses chaleurs avec des valeurs qui pourraient grimper \u00e0 33\u00b0C le matin. Un vent de nord-ouest rafra\u00eechira sensiblement l&rsquo;atmosph\u00e8re. Un temps plus chaud est pr\u00e9vu demain apr\u00e8s-midi \u00e9tant donn\u00e9 que les temp\u00e9ratures vont enregistrer une l\u00e9g\u00e8re augmentation, remplissant les terrasses de r\u00e9sidents et de touristes venus profiter de l&rsquo;\u00e9t\u00e9. La ville va subir un passage d&rsquo;importantes chaleurs avec des temp\u00e9ratures qui atteindront parfois les 35\u00b0C. La p\u00e9riode de fortes chaleurs est bien l\u00e0, avec des valeurs qui risqueront d&rsquo;aller jusqu&rsquo;\u00e0 34\u00b0C demain soir. Un vent de nord-est soufflera l\u00e9g\u00e8rement, avec 10 km\/h.<\/p>\n<p>Les jours se suivent et ne changent pas. Il va faire un temps assez ensoleill\u00e9 avec des temp\u00e9ratures avoisinant 34\u00b0C.<\/p>\n<p>M\u00eame si l&rsquo;on peut aimer la chaleur, il ne faut n\u00e9anmoins pas n\u00e9gliger de s&rsquo;en prot\u00e9ger et surtout rester attentif vis-\u00e0-vis des personnes les plus fragiles. Une bonne hydratation et de l&rsquo;\u00e9cran solaire sont indispensables face au soleil.<\/p>\n","protected":false},"excerpt":{"rendered":"C&rsquo;est une belle journ\u00e9e dont va profiter Montpellier, o\u00f9 le soleil va briller avec force. La chaleur estivale&hellip;\n","protected":false},"author":2,"featured_media":204445,"comment_status":"","ping_status":"","sticky":false,"template":"","format":"standard","meta":{"footnotes":""},"categories":[9599],"tags":[1111,11,1777,674,1011,27,7089,2681,2208,12,2680,2119,25],"class_list":{"0":"post-204444","1":"post","2":"type-post","3":"status-publish","4":"format-standard","5":"has-post-thumbnail","7":"category-montpellier","8":"tag-actu","9":"tag-actualites","10":"tag-eu","11":"tag-europe","12":"tag-fr","13":"tag-france","14":"tag-herault","15":"tag-languedoc-roussillon","16":"tag-montpellier","17":"tag-news","18":"tag-occitanie","19":"tag-previsions-meteo","20":"tag-republique-francaise"},"share_on_mastodon":{"url":"https:\/\/pubeurope.com\/@fr\/114746720585409473","error":""},"_links":{"self":[{"href":"https:\/\/www.europesays.com\/fr\/wp-json\/wp\/v2\/posts\/204444","targetHints":{"allow":["GET"]}}],"collection":[{"href":"https:\/\/www.europesays.com\/fr\/wp-json\/wp\/v2\/posts"}],"about":[{"href":"https:\/\/www.europesays.com\/fr\/wp-json\/wp\/v2\/types\/post"}],"author":[{"embeddable":true,"href":"https:\/\/www.europesays.com\/fr\/wp-json\/wp\/v2\/users\/2"}],"replies":[{"embeddable":true,"href":"https:\/\/www.europesays.com\/fr\/wp-json\/wp\/v2\/comments?post=204444"}],"version-history":[{"count":0,"href":"https:\/\/www.europesays.com\/fr\/wp-json\/wp\/v2\/posts\/204444\/revisions"}],"wp:featuredmedia":[{"embeddable":true,"href":"https:\/\/www.europesays.com\/fr\/wp-json\/wp\/v2\/media\/204445"}],"wp:attachment":[{"href":"https:\/\/www.europesays.com\/fr\/wp-json\/wp\/v2\/media?parent=204444"}],"wp:term":[{"taxonomy":"category","embeddable":true,"href":"https:\/\/www.europesays.com\/fr\/wp-json\/wp\/v2\/categories?post=204444"},{"taxonomy":"post_tag","embeddable":true,"href":"https:\/\/www.europesays.com\/fr\/wp-json\/wp\/v2\/tags?post=204444"}],"curies":[{"name":"wp","href":"https:\/\/api.w.org\/{rel}","templated":true}]}}