{"id":204447,"date":"2025-06-26T00:01:16","date_gmt":"2025-06-26T00:01:16","guid":{"rendered":"https:\/\/www.europesays.com\/fr\/204447\/"},"modified":"2025-06-26T00:01:16","modified_gmt":"2025-06-26T00:01:16","slug":"seine-maritime-lincendie-de-la-fleche-de-la-cathedrale-de-rouen-est-desormais-eteint","status":"publish","type":"post","link":"https:\/\/www.europesays.com\/fr\/204447\/","title":{"rendered":"Seine-Maritime. L&rsquo;incendie de la fl\u00e8che de la cath\u00e9drale de Rouen est d\u00e9sormais \u00e9teint"},"content":{"rendered":"<p>Cinq ans apr\u00e8s <a href=\"https:\/\/www.ledauphine.com\/culture-loisirs\/2024\/02\/13\/notre-dame-le-demontage-de-l-echafaudage-a-commence-la-fleche-deja-visible\" target=\"_blank\" rel=\"nofollow noopener\">l&rsquo;incendie de Notre-Dame de Paris<\/a>, c&rsquo;est la fl\u00e8che de la cath\u00e9drale de Rouen qui \u00e9tait en feu ce jeudi. Un incendie,\u00a0dont l&rsquo;origine reste ind\u00e9termin\u00e9e, s&rsquo;est d\u00e9clar\u00e9 en toute fin de matin\u00e9e sur cette partie de l&rsquo;\u00e9difice qui \u00e9tait en travaux, entour\u00e9e d&rsquo;\u00e9chafaudages.<\/p>\n<p>Les pompiers ont indiqu\u00e9 vers 17 heures que l&rsquo;incendie, qui a touch\u00e9 essentiellement des plastiques du chantier en cours sur la fl\u00e8che de la cath\u00e9drale, \u00e9tait d\u00e9sormais \u00ab \u00e9teint \u00bb. A ce stade, aucun d\u00e9g\u00e2t majeur n&rsquo;a \u00e9t\u00e9 signal\u00e9 dans l&rsquo;\u00e9difice religieux, dont \u00ab l&rsquo;int\u00e9rieur a \u00e9t\u00e9 pr\u00e9serv\u00e9, notamment les oeuvres \u00bb, s&rsquo;est f\u00e9licit\u00e9e la ministre de la Culture, Rachida Dati, venue au chevet de la cath\u00e9drale \u00e0 la demande du pr\u00e9sident Emmanuel Macron. <\/p>\n<p>  L&rsquo;origine de l&rsquo;incendie \u00ab inconnue \u00e0 ce stade\u00a0\u00bb<\/p>\n<p>La cath\u00e9drale Notre-Dame de Rouen avait \u00e9t\u00e9 \u00e9vacu\u00e9e en fin de matin\u00e9e. Les secours, une trentaine d&rsquo;engins et une soixantaine de pompiers, sont arriv\u00e9s rapidement sur place et un p\u00e9rim\u00e8tre de s\u00e9curit\u00e9 a \u00e9t\u00e9 \u00e9tabli. La pr\u00e9fecture avait lanc\u00e9 un appel \u00e0 \u00ab ne pas se rendre sur place pour laisser les secours travailler \u00bb. Le maire de Rouen Nicolas Mayer-Rossignol a pr\u00e9cis\u00e9 sur X que \u00ab l&rsquo;origine de l&rsquo;incendie [\u00e9tait] inconnue \u00e0 ce stade\u00a0\u00bb.<\/p>\n<p>Selon la pr\u00e9fecture de Seine-Maritime, ce sont les ouvriers sur place qui ont donn\u00e9 l\u2019alerte et tent\u00e9 de contrer le d\u00e9part de feu avant l&rsquo;intervention des sapeurs-pompiers. \u00ab Les six ouvriers travaillant dans l\u2019enceinte de la cath\u00e9drale ont \u00e9t\u00e9 \u00e9vacu\u00e9s et pris en charge pour des v\u00e9rifications et examens d&rsquo;usage \u00bb, pr\u00e9cise la pr\u00e9fecture dans un communiqu\u00e9. Selon les pompiers, trois de ces ouvriers ont inhal\u00e9 l\u00e9g\u00e8rement des fum\u00e9es.<\/p>\n<p>Selon la pr\u00e9fecture de Seine-Maritime, \u00ab l&rsquo;incendie s&rsquo;est d\u00e9clar\u00e9 au sommet de la fl\u00e8che, qui n&rsquo;est pas en bois, mais en m\u00e9tal, actuellement en travaux pour restauration \u00bb, les services de l\u2019\u00c9tat ne savent pas \u00e0 l&rsquo;heure actuelle si la charpente en bois est touch\u00e9e. \u00ab Le potentiel calorifique est relativement r\u00e9duit puisque l&rsquo;ensemble de la structure est une structure m\u00e9tallique, les seules parties pouvant br\u00fbler [&#8230;] sont des planchers \u00bb de la base de travail situ\u00e9 \u00e0 120 m\u00e8tres de hauteur, a expliqu\u00e9 le colonel Gouezec, directeur d\u00e9partemental du Sdis. \u00ab Les \u00e9l\u00e9ments qui \u00e9taient en combustion \u00e0 notre arriv\u00e9e sont des \u00e9l\u00e9ments du plastique de chantier \u00bb, a-t-il d\u00e9clar\u00e9.<\/p>\n<p>Dix ans de travaux entam\u00e9s en 2016<\/p>\n<p>La fl\u00e8che d&rsquo;Alavoine est en travaux depuis 2016. Un long chantier qui avait atteint la cinqui\u00e8me phase (sur six) d\u00e9but 2024, soit la restauration d\u00e9finitive de la partie haute, sous la lanterne, de 103 m\u00e8tres \u00e0 128 m\u00e8tres. La fin du chantier n&rsquo;\u00e9tait pas pr\u00e9vue avant 2026, soit apr\u00e8s dix ans de travaux complexes sur cet \u00e9difice devenu fragile.<\/p>\n<p>Le minist\u00e8re de la Culture a \u00e9cart\u00e9 tout \u00ab risque d\u2019effondrement \u00bb de l&rsquo;\u00e9difice et indiqu\u00e9 qu&rsquo;une \u00e9valuation \u00e9tait en cours pour savoir \u00e0 quel point l&rsquo;eau utilis\u00e9e par les pompiers a pu endommager \u00ab deux \u0153uvres d\u2019art \u00bb et si celles-ci doivent \u00eatre ou non \u00e9vacu\u00e9es.<\/p>\n","protected":false},"excerpt":{"rendered":"Cinq ans apr\u00e8s l&rsquo;incendie de Notre-Dame de Paris, c&rsquo;est la fl\u00e8che de la cath\u00e9drale de Rouen qui \u00e9tait&hellip;\n","protected":false},"author":2,"featured_media":204448,"comment_status":"","ping_status":"","sticky":false,"template":"","format":"standard","meta":{"footnotes":""},"categories":[9587],"tags":[1111,11,1777,674,274,107,1011,27,329,1310,12,5161,2661,5889,25,9590],"class_list":{"0":"post-204447","1":"post","2":"type-post","3":"status-publish","4":"format-standard","5":"has-post-thumbnail","7":"category-rouen","8":"tag-actu","9":"tag-actualites","10":"tag-eu","11":"tag-europe","12":"tag-faits-divers-justice","13":"tag-fil-info","14":"tag-fr","15":"tag-france","16":"tag-france-monde","17":"tag-incendie","18":"tag-news","19":"tag-normandie","20":"tag-patrimoine-culturel","21":"tag-religion-croyance","22":"tag-republique-francaise","23":"tag-rouen"},"share_on_mastodon":{"url":"https:\/\/pubeurope.com\/@fr\/114746732266458455","error":""},"_links":{"self":[{"href":"https:\/\/www.europesays.com\/fr\/wp-json\/wp\/v2\/posts\/204447","targetHints":{"allow":["GET"]}}],"collection":[{"href":"https:\/\/www.europesays.com\/fr\/wp-json\/wp\/v2\/posts"}],"about":[{"href":"https:\/\/www.europesays.com\/fr\/wp-json\/wp\/v2\/types\/post"}],"author":[{"embeddable":true,"href":"https:\/\/www.europesays.com\/fr\/wp-json\/wp\/v2\/users\/2"}],"replies":[{"embeddable":true,"href":"https:\/\/www.europesays.com\/fr\/wp-json\/wp\/v2\/comments?post=204447"}],"version-history":[{"count":0,"href":"https:\/\/www.europesays.com\/fr\/wp-json\/wp\/v2\/posts\/204447\/revisions"}],"wp:featuredmedia":[{"embeddable":true,"href":"https:\/\/www.europesays.com\/fr\/wp-json\/wp\/v2\/media\/204448"}],"wp:attachment":[{"href":"https:\/\/www.europesays.com\/fr\/wp-json\/wp\/v2\/media?parent=204447"}],"wp:term":[{"taxonomy":"category","embeddable":true,"href":"https:\/\/www.europesays.com\/fr\/wp-json\/wp\/v2\/categories?post=204447"},{"taxonomy":"post_tag","embeddable":true,"href":"https:\/\/www.europesays.com\/fr\/wp-json\/wp\/v2\/tags?post=204447"}],"curies":[{"name":"wp","href":"https:\/\/api.w.org\/{rel}","templated":true}]}}