{"id":204449,"date":"2025-06-26T00:03:22","date_gmt":"2025-06-26T00:03:22","guid":{"rendered":"https:\/\/www.europesays.com\/fr\/204449\/"},"modified":"2025-06-26T00:03:22","modified_gmt":"2025-06-26T00:03:22","slug":"grenoble-une-visite-de-la-ville-insolite-a-velo-electrique-le-vendredi-4-juillet","status":"publish","type":"post","link":"https:\/\/www.europesays.com\/fr\/204449\/","title":{"rendered":"Grenoble. Une visite de la ville insolite \u00e0 v\u00e9lo \u00e9lectrique le vendredi 4 juillet"},"content":{"rendered":"<p>Un parcours \u00e0 v\u00e9lo in\u00e9dit et ludique au fil des quartiers et lieux \u00e9tonnants, insolites et m\u00e9connus pour d\u00e9couvrir un autre visage de la ville de Grenoble sera propos\u00e9 le vendredi 4 juillet. Les balades \u00e0 v\u00e9lo \u00e9lectrique sont organis\u00e9es en partenariat avec Mv\u00e9lo +. Les v\u00e9los sont inclus dans la prestation. Le port du casque est recommand\u00e9 (non fourni). <\/p>\n<p class=\"note\">Vendredi 4\u00a0juillet de 10 h \u00e0 12 h. Tarifs : de 6 \u00e0 9 \u20ac. \u00c0 partir de 12\u00a0ans. Renseignements \u00e0 l\u2019office de tourisme de Grenoble.<\/p>\n","protected":false},"excerpt":{"rendered":"Un parcours \u00e0 v\u00e9lo in\u00e9dit et ludique au fil des quartiers et lieux \u00e9tonnants, insolites et m\u00e9connus pour&hellip;\n","protected":false},"author":2,"featured_media":204450,"comment_status":"","ping_status":"","sticky":false,"template":"","format":"standard","meta":{"footnotes":""},"categories":[9566],"tags":[1111,11,2430,7782,1687,112,1777,674,1011,27,2731,2732,108,12,25],"class_list":{"0":"post-204449","1":"post","2":"type-post","3":"status-publish","4":"format-standard","5":"has-post-thumbnail","7":"category-grenoble","8":"tag-actu","9":"tag-actualites","10":"tag-auvergne-rhone-alpes","11":"tag-balades-et-randonnees","12":"tag-culture-loisirs","13":"tag-edition-grenoble-agglomeration","14":"tag-eu","15":"tag-europe","16":"tag-fr","17":"tag-france","18":"tag-grenoble","19":"tag-grenoble-bassin","20":"tag-isere","21":"tag-news","22":"tag-republique-francaise"},"share_on_mastodon":{"url":"https:\/\/pubeurope.com\/@fr\/114746740165497263","error":""},"_links":{"self":[{"href":"https:\/\/www.europesays.com\/fr\/wp-json\/wp\/v2\/posts\/204449","targetHints":{"allow":["GET"]}}],"collection":[{"href":"https:\/\/www.europesays.com\/fr\/wp-json\/wp\/v2\/posts"}],"about":[{"href":"https:\/\/www.europesays.com\/fr\/wp-json\/wp\/v2\/types\/post"}],"author":[{"embeddable":true,"href":"https:\/\/www.europesays.com\/fr\/wp-json\/wp\/v2\/users\/2"}],"replies":[{"embeddable":true,"href":"https:\/\/www.europesays.com\/fr\/wp-json\/wp\/v2\/comments?post=204449"}],"version-history":[{"count":0,"href":"https:\/\/www.europesays.com\/fr\/wp-json\/wp\/v2\/posts\/204449\/revisions"}],"wp:featuredmedia":[{"embeddable":true,"href":"https:\/\/www.europesays.com\/fr\/wp-json\/wp\/v2\/media\/204450"}],"wp:attachment":[{"href":"https:\/\/www.europesays.com\/fr\/wp-json\/wp\/v2\/media?parent=204449"}],"wp:term":[{"taxonomy":"category","embeddable":true,"href":"https:\/\/www.europesays.com\/fr\/wp-json\/wp\/v2\/categories?post=204449"},{"taxonomy":"post_tag","embeddable":true,"href":"https:\/\/www.europesays.com\/fr\/wp-json\/wp\/v2\/tags?post=204449"}],"curies":[{"name":"wp","href":"https:\/\/api.w.org\/{rel}","templated":true}]}}