{"id":204455,"date":"2025-06-26T00:06:47","date_gmt":"2025-06-26T00:06:47","guid":{"rendered":"https:\/\/www.europesays.com\/fr\/204455\/"},"modified":"2025-06-26T00:06:47","modified_gmt":"2025-06-26T00:06:47","slug":"arrives-de-rennes-une-dizaine-de-caravanes-de-gens-du-voyage-sinstallent-sur-un-stade-de-vire-normandie","status":"publish","type":"post","link":"https:\/\/www.europesays.com\/fr\/204455\/","title":{"rendered":"Arriv\u00e9s de Rennes, une dizaine de caravanes de gens du voyage s\u2019installent sur un stade de Vire Normandie"},"content":{"rendered":"<p>            Par<br \/>\n        <strong><br \/>\n            <a href=\"https:\/\/actu.fr\/auteur\/christopher-lebranchu\" title=\"Consulter tous les articles de Christopher Lebranchu\" rel=\"nofollow noopener\" target=\"_blank\">Christopher Lebranchu<\/a><br \/>\n        <\/strong><\/p>\n<p>        Publi\u00e9 le<\/p>\n<p>            25 juin 2025 \u00e0 10h17        <\/p>\n<p>\u00c0<b> Vire Normandie<\/b> (<a href=\"https:\/\/actu.fr\/normandie\/calvados_14\" rel=\"nofollow noopener\" target=\"_blank\">Calvados<\/a>), une<b> dizaine de caravanes de gens du voyage<\/b> sont rentr\u00e9es dans l\u2019enceinte du <b>stade du Val de Vire<\/b>, ce mardi 24\u00a0juin 2025.<\/p>\n<p class=\" wall-content\">Vers 14\u2009h, ils ont commenc\u00e9 \u00e0 s\u2019installer<b> autour du stade et du gymnase<\/b> situ\u00e9s derri\u00e8re le<a href=\"https:\/\/actu.fr\/normandie\/vire-normandie_14762\/la-justice-administrative-pose-un-clou-supplementaire-sur-le-cercueil-du-college-du-val-de-vire_62725065.html\" rel=\"nofollow noopener\" target=\"_blank\"> coll\u00e8ge du Val de Vire (ferm\u00e9, pour rappel, depuis le d\u00e9but d\u2019ann\u00e9e scolaire).<\/a><\/p>\n<p>Ils arrivent de Rennes<\/p>\n<p class=\" wall-content\">Ils disent arriver de<b> Rennes, en Ille-et-Vilaine.<\/b> \u00ab\u2009C\u2019est la premi\u00e8re fois que l\u2019on vient \u00e0 <a href=\"https:\/\/actu.fr\/normandie\/vire-normandie_14762\" rel=\"nofollow noopener\" target=\"_blank\">Vire\u2009<\/a>\u00bb, nous dit l\u2019un d\u2019eux, qui ajoute avoir eu la visite de la <b>gendarmerie <\/b>\u00e0 leur arriv\u00e9e.<\/p>\n<p>    <img   decoding=\"async\" loading=\"lazy\" class=\"size-large\" src=\"https:\/\/www.europesays.com\/fr\/wp-content\/uploads\/2025\/06\/258ce0adab586098ce0adab58cc8cev-960x640.jpg\" alt=\"gens du voyage \u00e0 Vire\" width=\"960\" height=\"640\"\/><br \/>\n    Les gens du voyage sont arriv\u00e9s mardi 24 juin 2025 de Rennes. \u00a9Christopher LEBRANCHUVid\u00e9os : en ce moment sur ActuUne fuite d\u2019eau constat\u00e9e ce mercredi matin<\/p>\n<p class=\" wall-content\">Ce mercredi matin, des<b> agents de Vire Normandie <\/b>\u00e9taient sur place afin de<b> colmater une fuite d\u2019eau<\/b>, visiblement due aux branchements de cette <b>communaut\u00e9 du voyage.<\/b><\/p>\n<p>    <img   decoding=\"async\" loading=\"lazy\" class=\"size-large\" src=\"https:\/\/www.europesays.com\/fr\/wp-content\/uploads\/2025\/06\/d62c91edab586ca2c91edab58be2c9v-960x640.jpg\" alt=\"gens du voyage\" width=\"960\" height=\"640\"\/><br \/>\n    Une fuite d\u2019eau a \u00e9t\u00e9 constat\u00e9e en amont des branchements des gens du voyage. Les agents de la ville sont venus colmater cette fuite ce mercredi matin. \u00a9Christopher LEBRANCHU<\/p>\n<p class=\" wall-content\">Les gens du voyage nous confient repartir sur les routes dans quelques jours, \u00ab\u2009dimanche ou lundi prochain\u2009\u00bb.<\/p>\n<p class=\" wall-content\">Suivez toute l\u2019actualit\u00e9 de vos villes et m\u00e9dias favoris en vous inscrivant \u00e0 <a href=\"https:\/\/moncompte.actu.fr\" title=\"D\u00e9couvez Mon Actu\" rel=\"nofollow noopener\" data-trk=\"{&quot;cta&quot;:{&quot;action&quot;:&quot;https:\\\/\\\/moncompte.actu.fr&quot;,&quot;category&quot;:&quot;mon compte&quot;,&quot;from&quot;:&quot;article footer&quot;,&quot;name&quot;:&quot;Mon actu&quot;,&quot;type&quot;:&quot;cta&quot;}}\" target=\"_blank\">Mon Actu<\/a>.<\/p>\n","protected":false},"excerpt":{"rendered":"Par Christopher Lebranchu Publi\u00e9 le 25 juin 2025 \u00e0 10h17 \u00c0 Vire Normandie (Calvados), une dizaine de caravanes&hellip;\n","protected":false},"author":2,"featured_media":204456,"comment_status":"","ping_status":"","sticky":false,"template":"","format":"standard","meta":{"footnotes":""},"categories":[2821],"tags":[1111,11,829,5164,1777,674,1011,27,12,584,25,104],"class_list":{"0":"post-204455","1":"post","2":"type-post","3":"status-publish","4":"format-standard","5":"has-post-thumbnail","7":"category-rennes","8":"tag-actu","9":"tag-actualites","10":"tag-bretagne","11":"tag-calvados","12":"tag-eu","13":"tag-europe","14":"tag-fr","15":"tag-france","16":"tag-news","17":"tag-rennes","18":"tag-republique-francaise","19":"tag-societe"},"share_on_mastodon":{"url":"https:\/\/pubeurope.com\/@fr\/114746756057233623","error":""},"_links":{"self":[{"href":"https:\/\/www.europesays.com\/fr\/wp-json\/wp\/v2\/posts\/204455","targetHints":{"allow":["GET"]}}],"collection":[{"href":"https:\/\/www.europesays.com\/fr\/wp-json\/wp\/v2\/posts"}],"about":[{"href":"https:\/\/www.europesays.com\/fr\/wp-json\/wp\/v2\/types\/post"}],"author":[{"embeddable":true,"href":"https:\/\/www.europesays.com\/fr\/wp-json\/wp\/v2\/users\/2"}],"replies":[{"embeddable":true,"href":"https:\/\/www.europesays.com\/fr\/wp-json\/wp\/v2\/comments?post=204455"}],"version-history":[{"count":0,"href":"https:\/\/www.europesays.com\/fr\/wp-json\/wp\/v2\/posts\/204455\/revisions"}],"wp:featuredmedia":[{"embeddable":true,"href":"https:\/\/www.europesays.com\/fr\/wp-json\/wp\/v2\/media\/204456"}],"wp:attachment":[{"href":"https:\/\/www.europesays.com\/fr\/wp-json\/wp\/v2\/media?parent=204455"}],"wp:term":[{"taxonomy":"category","embeddable":true,"href":"https:\/\/www.europesays.com\/fr\/wp-json\/wp\/v2\/categories?post=204455"},{"taxonomy":"post_tag","embeddable":true,"href":"https:\/\/www.europesays.com\/fr\/wp-json\/wp\/v2\/tags?post=204455"}],"curies":[{"name":"wp","href":"https:\/\/api.w.org\/{rel}","templated":true}]}}