{"id":204459,"date":"2025-06-26T00:08:13","date_gmt":"2025-06-26T00:08:13","guid":{"rendered":"https:\/\/www.europesays.com\/fr\/204459\/"},"modified":"2025-06-26T00:08:13","modified_gmt":"2025-06-26T00:08:13","slug":"trois-interpellations-apres-lagression-au-couteau-de-deux-collegiens","status":"publish","type":"post","link":"https:\/\/www.europesays.com\/fr\/204459\/","title":{"rendered":"Trois interpellations apr\u00e8s l\u2019agression au couteau de deux coll\u00e9giens"},"content":{"rendered":"<p><strong>enqu\u00eate &#8211; Trois personnes, dont deux mineurs, ont \u00e9t\u00e9 interpell\u00e9es apr\u00e8s une violente agression survenue mardi \u00e0 Illkirch-Graffenstaden, au sud de Strasbourg.<\/strong><\/p>\n<p>Trois personnes ont \u00e9t\u00e9 interpell\u00e9es, dont deux mineurs, apr\u00e8s l\u2019agression \u00e0 l\u2019arme blanche de deux adolescents mardi \u00e0 Illkirch-Graffenstaden (<a href=\"https:\/\/www.20minutes.fr\/dossier\/bas_rhin?at_medium=RSS%20feed&amp;at_campaign=ynews&amp;utm_source=yahoo&amp;utm_medium=rss&amp;utm_campaign=news_feed&amp;utm_content=in_article_link\" rel=\"nofollow noopener\" target=\"_blank\" data-ylk=\"slk:Bas-Rhin;elm:context_link;itc:0;sec:content-canvas\" class=\"link \">Bas-Rhin<\/a>), en banlieue sud de <a href=\"https:\/\/www.20minutes.fr\/strasbourg\/?at_medium=RSS%20feed&amp;at_campaign=ynews&amp;utm_source=yahoo&amp;utm_medium=rss&amp;utm_campaign=news_feed&amp;utm_content=in_article_link\" rel=\"nofollow noopener\" target=\"_blank\" data-ylk=\"slk:Strasbourg;elm:context_link;itc:0;sec:content-canvas\" class=\"link \">Strasbourg<\/a>, a indiqu\u00e9 mercredi le parquet.<\/p>\n<p>\u00c2g\u00e9s de 16 et 17 ans, <a href=\"https:\/\/www.20minutes.fr\/faits_divers\/faits-divers-strasbourg\/4160136-20250624-pres-strasbourg-deux-ados-16-17-ans-blesses-couteau-pres-ecole-dont-tres-grievement?at_medium=RSS%20feed&amp;at_campaign=ynews&amp;utm_source=yahoo&amp;utm_medium=rss&amp;utm_campaign=news_feed&amp;utm_content=in_article_link\" rel=\"nofollow noopener\" target=\"_blank\" data-ylk=\"slk:les deux jeunes victimes ont \u00e9t\u00e9 attaqu\u00e9es;elm:context_link;itc:0;sec:content-canvas\" class=\"link \">les deux jeunes victimes ont \u00e9t\u00e9 attaqu\u00e9es<\/a> \u00e0 proximit\u00e9 d\u2019une \u00e9cole maternelle. L\u2019un d\u2019eux a \u00e9t\u00e9 gri\u00e8vement bless\u00e9 \u00e0 la gorge, l\u2019autre touch\u00e9 au dos. Tous deux ont \u00e9t\u00e9 hospitalis\u00e9s.<\/p>\n<p>Une enqu\u00eate en cours<\/p>\n<p>Le pronostic vital de la victime la plus gravement atteinte, \u00e0 la gorge, n\u2019\u00e9tait plus engag\u00e9 mardi soir, selon une source judiciaire cit\u00e9e par l\u2019AFP.<\/p>\n<p>Une enqu\u00eate est en cours pour \u00e9tablir les circonstances de cette agression.<\/p>\n<p><a href=\"https:\/\/www.20minutes.fr\/faits_divers\/4160419-20250625-strasbourg-trois-interpellations-apres-agression-couteau-deux-collegiens?at_medium=RSS%20feed&amp;at_campaign=ynews&amp;utm_source=yahoo&amp;utm_medium=rss&amp;utm_campaign=news_feed&amp;utm_content=read_more_link&quot;\" rel=\"nofollow noopener\" target=\"_blank\" data-ylk=\"slk:Lire la suite sur 20minutes;elm:context_link;itc:0;sec:content-canvas\" class=\"link \">Lire la suite sur 20minutes<\/a><\/p>\n<p>\u00c0 lire aussi :<br \/><a href=\"https:\/\/www.20minutes.fr\/faits_divers\/faits-divers-strasbourg\/4160136-20250624-pres-strasbourg-deux-ados-16-17-ans-blesses-couteau-pres-ecole-dont-tres-grievement?at_medium=RSS%20feed&amp;at_campaign=ynews&amp;utm_source=yahoo&amp;utm_medium=rss&amp;utm_campaign=news_feed&amp;utm_content=related_content_link\" rel=\"nofollow noopener\" target=\"_blank\" data-ylk=\"slk:Alsace\u00a0: Deux ados de 16 et 17 ans attaqu\u00e9s au couteau, l\u2019un d\u2019eux est gri\u00e8vement bless\u00e9;elm:context_link;itc:0;sec:content-canvas\" class=\"link \">Alsace\u00a0: Deux ados de 16 et 17 ans attaqu\u00e9s au couteau, l\u2019un d\u2019eux est gri\u00e8vement bless\u00e9<\/a><br \/><a href=\"https:\/\/www.20minutes.fr\/strasbourg\/4160070-20250624-strasbourg-ville-adopte-jumelage-conteste-camp-refugies-palestinien?at_medium=RSS%20feed&amp;at_campaign=ynews&amp;utm_source=yahoo&amp;utm_medium=rss&amp;utm_campaign=news_feed&amp;utm_content=related_content_link\" rel=\"nofollow noopener\" target=\"_blank\" data-ylk=\"slk:Strasbourg\u00a0: La ville adopte un jumelage contest\u00e9 avec un camp de r\u00e9fugi\u00e9s palestiniens;elm:context_link;itc:0;sec:content-canvas\" class=\"link \">Strasbourg\u00a0: La ville adopte un jumelage contest\u00e9 avec un camp de r\u00e9fugi\u00e9s palestiniens<\/a><\/p>\n","protected":false},"excerpt":{"rendered":"enqu\u00eate &#8211; Trois personnes, dont deux mineurs, ont \u00e9t\u00e9 interpell\u00e9es apr\u00e8s une violente agression survenue mardi \u00e0 Illkirch-Graffenstaden,&hellip;\n","protected":false},"author":2,"featured_media":204460,"comment_status":"","ping_status":"","sticky":false,"template":"","format":"standard","meta":{"footnotes":""},"categories":[2820],"tags":[1111,11,6688,1777,674,1011,27,775,3088,10982,12,25,640,1100],"class_list":{"0":"post-204459","1":"post","2":"type-post","3":"status-publish","4":"format-standard","5":"has-post-thumbnail","7":"category-strasbourg","8":"tag-actu","9":"tag-actualites","10":"tag-ecole-maternelle","11":"tag-eu","12":"tag-europe","13":"tag-fr","14":"tag-france","15":"tag-grand-est","16":"tag-illkirch-graffenstaden","17":"tag-lagression","18":"tag-news","19":"tag-republique-francaise","20":"tag-strasbourg","21":"tag-trois"},"share_on_mastodon":{"url":"https:\/\/pubeurope.com\/@fr\/114746759823439130","error":""},"_links":{"self":[{"href":"https:\/\/www.europesays.com\/fr\/wp-json\/wp\/v2\/posts\/204459","targetHints":{"allow":["GET"]}}],"collection":[{"href":"https:\/\/www.europesays.com\/fr\/wp-json\/wp\/v2\/posts"}],"about":[{"href":"https:\/\/www.europesays.com\/fr\/wp-json\/wp\/v2\/types\/post"}],"author":[{"embeddable":true,"href":"https:\/\/www.europesays.com\/fr\/wp-json\/wp\/v2\/users\/2"}],"replies":[{"embeddable":true,"href":"https:\/\/www.europesays.com\/fr\/wp-json\/wp\/v2\/comments?post=204459"}],"version-history":[{"count":0,"href":"https:\/\/www.europesays.com\/fr\/wp-json\/wp\/v2\/posts\/204459\/revisions"}],"wp:featuredmedia":[{"embeddable":true,"href":"https:\/\/www.europesays.com\/fr\/wp-json\/wp\/v2\/media\/204460"}],"wp:attachment":[{"href":"https:\/\/www.europesays.com\/fr\/wp-json\/wp\/v2\/media?parent=204459"}],"wp:term":[{"taxonomy":"category","embeddable":true,"href":"https:\/\/www.europesays.com\/fr\/wp-json\/wp\/v2\/categories?post=204459"},{"taxonomy":"post_tag","embeddable":true,"href":"https:\/\/www.europesays.com\/fr\/wp-json\/wp\/v2\/tags?post=204459"}],"curies":[{"name":"wp","href":"https:\/\/api.w.org\/{rel}","templated":true}]}}