{"id":204461,"date":"2025-06-26T00:09:10","date_gmt":"2025-06-26T00:09:10","guid":{"rendered":"https:\/\/www.europesays.com\/fr\/204461\/"},"modified":"2025-06-26T00:09:10","modified_gmt":"2025-06-26T00:09:10","slug":"previsions-du-jeudi-26-juin-2025-3","status":"publish","type":"post","link":"https:\/\/www.europesays.com\/fr\/204461\/","title":{"rendered":"pr\u00e9visions du jeudi 26 juin 2025"},"content":{"rendered":"<p>Le soleil sera au rendez-vous \u00e0 Nice : une belle journ\u00e9e se profile ! Les temp\u00e9ratures avoisineront les 25\u00b0C. Le matin, les temp\u00e9ratures s&rsquo;\u00e9chelonneront entre 24 et 27\u00b0C, un temps vraiment de saison. Une brise de sud-est soufflera l\u00e9g\u00e8rement. Il va faire chaud avec des valeurs qui seront comprises entre 26 et 27\u00b0C durant l&rsquo;apr\u00e8s-midi. Les temp\u00e9ratures tourneront autour des 25\u00b0C au cours de la soir\u00e9e. Le ciel sera limpide dans la nuit de jeudi \u00e0 vendredi.<\/p>\n<p>Demain, les Ni\u00e7ois comme les vacanciers vont pouvoir profiter d&rsquo;un soleil magnifique. La m\u00e9t\u00e9o va se r\u00e9chauffer avec une augmentation de quelques degr\u00e9s pour un \u00e9t\u00e9 chaud. Ce sera un bel \u00e9t\u00e9 : les valeurs afficheront entre 22 et 29\u00b0C. Un vent de sud-est rafra\u00eechira sensiblement l&rsquo;atmosph\u00e8re. Les maximales iront jusqu&rsquo;\u00e0 28\u00b0C dans la matin\u00e9e alors que les minimales seront de 25\u00b0C : c&rsquo;est donc un superbe \u00e9t\u00e9. Les temp\u00e9ratures s&rsquo;\u00e9chelonneront entre 28\u00b0C et 29\u00b0C dans l&rsquo;apr\u00e8s-midi, donnant aux habitants l&rsquo;occasion d&rsquo;appr\u00e9cier la p\u00e9riode estivale. L&rsquo;\u00e9t\u00e9 s&rsquo;est d\u00e9finitivement install\u00e9 puisque les valeurs iront de 26 \u00e0 28\u00b0C sur l&rsquo;ensemble de la soir\u00e9e.<\/p>\n<p>Pour les jours suivants, la m\u00e9t\u00e9o ne changera pas. Des temp\u00e9ratures dans les 31\u00b0C accompagneront un ciel ensoleill\u00e9.<\/p>\n<p><\/p>\n","protected":false},"excerpt":{"rendered":"Le soleil sera au rendez-vous \u00e0 Nice : une belle journ\u00e9e se profile ! Les temp\u00e9ratures avoisineront les&hellip;\n","protected":false},"author":2,"featured_media":204462,"comment_status":"","ping_status":"","sticky":false,"template":"","format":"standard","meta":{"footnotes":""},"categories":[2819],"tags":[1111,11,2898,1777,674,1011,27,12,2401,883,2119,882,25],"class_list":{"0":"post-204461","1":"post","2":"type-post","3":"status-publish","4":"format-standard","5":"has-post-thumbnail","7":"category-nice","8":"tag-actu","9":"tag-actualites","10":"tag-alpes-maritimes","11":"tag-eu","12":"tag-europe","13":"tag-fr","14":"tag-france","15":"tag-news","16":"tag-nice","17":"tag-paca","18":"tag-previsions-meteo","19":"tag-provence-alpes-cote-dazur","20":"tag-republique-francaise"},"share_on_mastodon":{"url":"https:\/\/pubeurope.com\/@fr\/114746763826206918","error":""},"_links":{"self":[{"href":"https:\/\/www.europesays.com\/fr\/wp-json\/wp\/v2\/posts\/204461","targetHints":{"allow":["GET"]}}],"collection":[{"href":"https:\/\/www.europesays.com\/fr\/wp-json\/wp\/v2\/posts"}],"about":[{"href":"https:\/\/www.europesays.com\/fr\/wp-json\/wp\/v2\/types\/post"}],"author":[{"embeddable":true,"href":"https:\/\/www.europesays.com\/fr\/wp-json\/wp\/v2\/users\/2"}],"replies":[{"embeddable":true,"href":"https:\/\/www.europesays.com\/fr\/wp-json\/wp\/v2\/comments?post=204461"}],"version-history":[{"count":0,"href":"https:\/\/www.europesays.com\/fr\/wp-json\/wp\/v2\/posts\/204461\/revisions"}],"wp:featuredmedia":[{"embeddable":true,"href":"https:\/\/www.europesays.com\/fr\/wp-json\/wp\/v2\/media\/204462"}],"wp:attachment":[{"href":"https:\/\/www.europesays.com\/fr\/wp-json\/wp\/v2\/media?parent=204461"}],"wp:term":[{"taxonomy":"category","embeddable":true,"href":"https:\/\/www.europesays.com\/fr\/wp-json\/wp\/v2\/categories?post=204461"},{"taxonomy":"post_tag","embeddable":true,"href":"https:\/\/www.europesays.com\/fr\/wp-json\/wp\/v2\/tags?post=204461"}],"curies":[{"name":"wp","href":"https:\/\/api.w.org\/{rel}","templated":true}]}}