{"id":204465,"date":"2025-06-26T00:11:27","date_gmt":"2025-06-26T00:11:27","guid":{"rendered":"https:\/\/www.europesays.com\/fr\/204465\/"},"modified":"2025-06-26T00:11:27","modified_gmt":"2025-06-26T00:11:27","slug":"le-secours-populaire-fait-guincher-300-aines-isoles-a-nantes","status":"publish","type":"post","link":"https:\/\/www.europesays.com\/fr\/204465\/","title":{"rendered":"Le Secours populaire fait guincher 300 a\u00een\u00e9s isol\u00e9s \u00e0 Nantes"},"content":{"rendered":"<p><strong>\u00ab\u00a0Le public senior est trop <\/strong> <strong>souvent oubli\u00e9\u00a0\u00bb,<\/strong> d\u00e9plore Guirec Derrien, coordinateur r\u00e9gional de Secours populaire en Pays de la Loire. C\u2019est pourquoi, depuis 2015, l\u2019association propose une journ\u00e9e sp\u00e9cialement con\u00e7ue pour les a\u00een\u00e9s isol\u00e9s. Mercredi 25\u00a0juin, ils \u00e9taient pr\u00e8s de 300 venus des cinq d\u00e9partements de la r\u00e9gion \u00e0 partager un repas \u00e0 Little Atlantique brewery, une brasserie de Nantes.<\/p>\n<p>Emp\u00eacher l\u2019isolement estival<\/p>\n<p><strong>\u00ab\u00a0\u00c7a nous offre un moment de d\u00e9tente\u00a0\u00bb,<\/strong> commente Lynda, 69\u00a0ans, venue d\u2019Angers. <strong>\u00ab\u00a0Une jolie d\u00e9couverte\u00a0\u00bb,<\/strong> abonde Jeannine, 76\u00a0ans. <strong>\u00ab\u00a0J\u2019aurais aim\u00e9 danser, mais ma jambe ne me le permet pas\u00a0\u00bb,<\/strong> regrette Claudette, 77\u00a0ans, tandis que La Piste \u00e0 dansoir anime un bal participatif o\u00f9 beaucoup apprennent de nouveaux pas de danse.<\/p>\n<p><strong>\u00ab\u00a0L\u2019\u00e9t\u00e9 peut \u00eatre un moment d\u2019isolement, car beaucoup de familles partent en vacances\u00a0\u00bb,<\/strong> souligne Danielle Alexandre, secr\u00e9taire g\u00e9n\u00e9rale de la f\u00e9d\u00e9ration de Loire-Atlantique. <strong>\u00ab\u00a0Et pourtant, les journ\u00e9es sont longues et on a envie de sortir\u00a0\u00bb<\/strong>, rench\u00e9rit Claude Levoyer, responsable r\u00e9gional de l\u2019association.<\/p>\n<p>Entre\u00a02019 et\u00a02025, le nombre de personnes \u00e2g\u00e9s de plus de 60\u00a0ans soutenues par l\u2019association a connu une augmentation de 40,8\u00a0% dans la r\u00e9gion. Cette journ\u00e9e festive et solidaire est <strong>\u00ab\u00a0financ\u00e9e sur nos propres fonds, sans subvention\u00a0\u00bb,<\/strong> pr\u00e9cise Claude Levoyer. Un budget de 100\u00a0\u20ac par personne, soit 30\u00a0000\u00a0\u20ac. Les personnes accueillies participent selon leurs ressources, jusqu\u2019\u00e0 10\u00a0\u20ac maximum. Dominique, un Angevin de 66\u00a0ans, affiche un large sourire\u00a0: <strong>\u00ab\u00a0Des sorties \u00e0 ce prix-l\u00e0, on n\u2019en trouverait pas.\u00a0\u00bb<\/strong><\/p>\n<p>\u00a0<\/p>\n","protected":false},"excerpt":{"rendered":"\u00ab\u00a0Le public senior est trop souvent oubli\u00e9\u00a0\u00bb, d\u00e9plore Guirec Derrien, coordinateur r\u00e9gional de Secours populaire en Pays de&hellip;\n","protected":false},"author":2,"featured_media":204466,"comment_status":"","ping_status":"","sticky":false,"template":"","format":"standard","meta":{"footnotes":""},"categories":[2818],"tags":[3743,1111,11,18462,1777,674,21,1011,27,34325,34326,766,12,2636,11666,25,6689,7342,9693],"class_list":{"0":"post-204465","1":"post","2":"type-post","3":"status-publish","4":"format-standard","5":"has-post-thumbnail","7":"category-nantes","8":"tag-3743","9":"tag-actu","10":"tag-actualites","11":"tag-aines","12":"tag-eu","13":"tag-europe","14":"tag-fait","15":"tag-fr","16":"tag-france","17":"tag-guincher","18":"tag-isoles","19":"tag-nantes","20":"tag-news","21":"tag-pays-de-la-loire","22":"tag-populaire","23":"tag-republique-francaise","24":"tag-roche","25":"tag-secours","26":"tag-yon"},"share_on_mastodon":{"url":"https:\/\/pubeurope.com\/@fr\/114746771653381176","error":""},"_links":{"self":[{"href":"https:\/\/www.europesays.com\/fr\/wp-json\/wp\/v2\/posts\/204465","targetHints":{"allow":["GET"]}}],"collection":[{"href":"https:\/\/www.europesays.com\/fr\/wp-json\/wp\/v2\/posts"}],"about":[{"href":"https:\/\/www.europesays.com\/fr\/wp-json\/wp\/v2\/types\/post"}],"author":[{"embeddable":true,"href":"https:\/\/www.europesays.com\/fr\/wp-json\/wp\/v2\/users\/2"}],"replies":[{"embeddable":true,"href":"https:\/\/www.europesays.com\/fr\/wp-json\/wp\/v2\/comments?post=204465"}],"version-history":[{"count":0,"href":"https:\/\/www.europesays.com\/fr\/wp-json\/wp\/v2\/posts\/204465\/revisions"}],"wp:featuredmedia":[{"embeddable":true,"href":"https:\/\/www.europesays.com\/fr\/wp-json\/wp\/v2\/media\/204466"}],"wp:attachment":[{"href":"https:\/\/www.europesays.com\/fr\/wp-json\/wp\/v2\/media?parent=204465"}],"wp:term":[{"taxonomy":"category","embeddable":true,"href":"https:\/\/www.europesays.com\/fr\/wp-json\/wp\/v2\/categories?post=204465"},{"taxonomy":"post_tag","embeddable":true,"href":"https:\/\/www.europesays.com\/fr\/wp-json\/wp\/v2\/tags?post=204465"}],"curies":[{"name":"wp","href":"https:\/\/api.w.org\/{rel}","templated":true}]}}