{"id":204471,"date":"2025-06-26T00:14:11","date_gmt":"2025-06-26T00:14:11","guid":{"rendered":"https:\/\/www.europesays.com\/fr\/204471\/"},"modified":"2025-06-26T00:14:11","modified_gmt":"2025-06-26T00:14:11","slug":"previsions-du-jeudi-26-juin-2025-4","status":"publish","type":"post","link":"https:\/\/www.europesays.com\/fr\/204471\/","title":{"rendered":"pr\u00e9visions du jeudi 26 juin 2025"},"content":{"rendered":"<p>Aujourd&rsquo;hui, on pr\u00e9voit pour Bordeaux des valeurs avoisinant 24\u00b0C. Le matin, toujours des nuages dans le ciel qui emp\u00eachent le soleil d&rsquo;appara\u00eetre. Le temps sera ponctu\u00e9 par des pluies \u00e9parses. Une l\u00e9g\u00e8re brise d&rsquo;ouest soufflera. Le soleil sera au rendez-vous : un magnifique apr\u00e8s-midi se pr\u00e9sente ! C&rsquo;est une hausse de plusieurs degr\u00e9s que vont conna\u00eetre les temp\u00e9ratures. Ces valeurs seront de 27\u00b0C au plus bas et de 29\u00b0C au plus haut. Un ciel clair est attendu dans la nuit reliant jeudi et vendredi.<\/p>\n<p>Un beau soleil est attendu demain \u00e0 Bordeaux. L&rsquo;air ambiant va se r\u00e9chauffer avec une augmentation de quelques degr\u00e9s. Les grosses chaleurs sont install\u00e9es. Avec des valeurs comprises entre 16 et 33\u00b0C. Les temp\u00e9ratures seront comprises entre 16 et 33\u00b0C. Un vent de nord-ouest rafra\u00eechira un peu l&rsquo;atmosph\u00e8re. La matin\u00e9e va se trouver tr\u00e8s suffocante : jusqu&rsquo;\u00e0 30\u00b0C. Les temp\u00e9ratures vont enregistrer une hausse de plusieurs degr\u00e9s dans l&rsquo;apr\u00e8s-midi. Prenez garde \u00e0 la vague de chaleur. Des valeurs de 31 \u00e0 33\u00b0C sont annonc\u00e9es.<\/p>\n<p>La m\u00e9t\u00e9o restera stable les jours \u00e0 venir. Pr\u00e9voyez 38\u00b0C en moyenne qui accompagneront des journ\u00e9es ensoleill\u00e9es.<\/p>\n<p><\/p>\n","protected":false},"excerpt":{"rendered":"Aujourd&rsquo;hui, on pr\u00e9voit pour Bordeaux des valeurs avoisinant 24\u00b0C. Le matin, toujours des nuages dans le ciel qui&hellip;\n","protected":false},"author":2,"featured_media":204472,"comment_status":"","ping_status":"","sticky":false,"template":"","format":"standard","meta":{"footnotes":""},"categories":[2817],"tags":[1111,11,3177,1997,1777,674,1011,27,2905,12,2219,2119,25],"class_list":{"0":"post-204471","1":"post","2":"type-post","3":"status-publish","4":"format-standard","5":"has-post-thumbnail","7":"category-bordeaux","8":"tag-actu","9":"tag-actualites","10":"tag-aquitaine","11":"tag-bordeaux","12":"tag-eu","13":"tag-europe","14":"tag-fr","15":"tag-france","16":"tag-gironde","17":"tag-news","18":"tag-nouvelle-aquitaine","19":"tag-previsions-meteo","20":"tag-republique-francaise"},"share_on_mastodon":{"url":"https:\/\/pubeurope.com\/@fr\/114746783793686613","error":""},"_links":{"self":[{"href":"https:\/\/www.europesays.com\/fr\/wp-json\/wp\/v2\/posts\/204471","targetHints":{"allow":["GET"]}}],"collection":[{"href":"https:\/\/www.europesays.com\/fr\/wp-json\/wp\/v2\/posts"}],"about":[{"href":"https:\/\/www.europesays.com\/fr\/wp-json\/wp\/v2\/types\/post"}],"author":[{"embeddable":true,"href":"https:\/\/www.europesays.com\/fr\/wp-json\/wp\/v2\/users\/2"}],"replies":[{"embeddable":true,"href":"https:\/\/www.europesays.com\/fr\/wp-json\/wp\/v2\/comments?post=204471"}],"version-history":[{"count":0,"href":"https:\/\/www.europesays.com\/fr\/wp-json\/wp\/v2\/posts\/204471\/revisions"}],"wp:featuredmedia":[{"embeddable":true,"href":"https:\/\/www.europesays.com\/fr\/wp-json\/wp\/v2\/media\/204472"}],"wp:attachment":[{"href":"https:\/\/www.europesays.com\/fr\/wp-json\/wp\/v2\/media?parent=204471"}],"wp:term":[{"taxonomy":"category","embeddable":true,"href":"https:\/\/www.europesays.com\/fr\/wp-json\/wp\/v2\/categories?post=204471"},{"taxonomy":"post_tag","embeddable":true,"href":"https:\/\/www.europesays.com\/fr\/wp-json\/wp\/v2\/tags?post=204471"}],"curies":[{"name":"wp","href":"https:\/\/api.w.org\/{rel}","templated":true}]}}